{"id":40551,"date":"2025-06-19T11:16:29","date_gmt":"2025-06-19T09:16:29","guid":{"rendered":"https:\/\/www.bcu-lausanne.ch\/gilles-deleuzes-course-1979-1987\/"},"modified":"2025-06-19T11:16:29","modified_gmt":"2025-06-19T09:16:29","slug":"gilles-deleuzes-course-1979-1987","status":"publish","type":"post","link":"https:\/\/www.bcu-lausanne.ch\/en\/selections-en\/gilles-deleuzes-course-1979-1987\/","title":{"rendered":"Gilles Deleuze&#8217;s course, 1979-1987"},"content":{"rendered":"<p>Less well known than his <em>Ab\u00e9c\u00e9daire<\/em>, or the essay he co-authored with F\u00e9lix Gattari entitled <em>Qu&#8217;est-ce que la philosophie?<\/em> the lecture given by French philosopher Gilles Deleuze at the Universit\u00e9 Paris 8 between 1979 and 1987 has nevertheless been recorded and transcribed in almost its entirety. Available in audio form <a href=\"https:\/\/gallica.bnf.fr\/services\/engine\/search\/sru?operation=searchRetrieve&amp;version=1.2&amp;startRecord=0&amp;maximumRecords=15&amp;page=1&amp;query=%28gallica%20all%20%22gilles%20deleuze%20cours%22%29&amp;filter=dc.type%20all%20%22sonore%22\" target=\"_blank\" rel=\"noopener noreferrer\">on the BNF<\/a> and <a href=\"https:\/\/web.archive.org\/web\/20211024092832\/http:\/\/www2.univ-paris8.fr\/deleuze\/article.php3?id_article=1\" target=\"_blank\" rel=\"noopener noreferrer\">Universit\u00e9 Paris 8 websites<\/a>, the lecture has just been published in paper format. <\/p>\n<figure id=\"attachment_3029\" aria-describedby=\"caption-attachment-3029\" style=\"width: 221px\" class=\"wp-caption alignright\"><img loading=\"lazy\" decoding=\"async\" class=\"wp-image-3029\" src=\"https:\/\/blog.bcul.ch\/wp-content\/uploads\/2018\/10\/Gilles_deleuze-287x300.jpg\" alt=\"\" width=\"221\" height=\"231\"><figcaption id=\"caption-attachment-3029\" class=\"wp-caption-text\">Gilles Deleuze (1925-1995)<\/figcaption><\/figure>\n<p>In this course, Gilles Deleuze deals with numerous authors from the history of philosophy, such as Leibniz, Spinoza and Foucault, but he also takes an interest in political philosophy, literature, painting and cinema. In all, 8 years, 179 sessions and some 413 hours of lectures have been transcribed by Marc de Haas and are now available in pdf format on his website. The 5 volumes published in paper format bring together systematically, rather than chronologically, the various sequences of Gilles Deleuze&#8217;s lectures, this time divided by notions, themes and concepts (vols. 1-3), and by philosophers and philosophies (vols. 4-5).  <\/p>\n<p>You&#8217;ll find entries on concepts, truth and time, as well as on rock&#8217;n&#8217;roll, ergonomics and coughing fits. And while Leibniz, Kant, Spinoza and Foucault each have their own entry, you&#8217;ll also find Plotinus, Avicenna and the Stoics, as well as Michel Serres and Gilbert Simondon. On March 25, 1980, Gilles Deleuze had this to say about philosophy:  <\/p>\n<blockquote><p>\u201cAs for philosophical texts, the question is not at all: do you understand? The question is first and foremost: what&#8217;s in it for you? You may well feel that something suits you without having yet understood, and you will only understand if you grasp something that suits you.\u201d  <\/p><\/blockquote>\n<p>I hope you find this book to your liking, and hope you enjoy reading it!<\/p>\n<ul>\n<li><em>Gilles Deleuze&#8217;s course, 1979-1987<\/em> is available in hard copy on the Unith\u00e8que website.<\/li>\n<li><em>Deleuze&#8217;s Ab\u00e9c\u00e9daire de Gilles<\/em> is available on DVD from various websites.<\/li>\n<li><em>Qu&#8217;est-ce que la philosophie?<\/em> is available in hard copy on the Unith\u00e8que website.<\/li>\n<\/ul>\n<p>Ma\u00ebl Goarzin<br \/>\nHead of philosophy and psychology collections, BCUL site Unith\u00e8que<\/p>\n<hr>\n<p>Photo credits: <a href=\"https:\/\/sr.wikipedia.org\/wiki\/%D0%94%D0%B0%D1%82%D0%BE%D1%82%D0%B5%D0%BA%D0%B0:Gilles_deleuze.jpg\" target=\"_blank\" rel=\"noopener noreferrer\">Gilles Deleuze<\/a>, by IgnjatNikola, CC BY-SA license.<\/p>\n","protected":false},"excerpt":{"rendered":"<p>Less well known than his Ab\u00e9c\u00e9daire, or the essay he co-authored with F\u00e9lix Gattari entitled Qu&#8217;est-ce que la philosophie? the lecture given by French philosopher Gilles Deleuze at the Universit\u00e9 Paris 8 between 1979 and 1987 has nevertheless been recorded and transcribed in almost its entirety. Available in audio form on the BNF and Universit\u00e9 [&hellip;]<\/p>\n","protected":false},"author":40,"featured_media":6549,"comment_status":"open","ping_status":"open","sticky":false,"template":"","format":"standard","meta":{"_acf_changed":false,"_oasis_is_in_workflow":0,"_oasis_original":0,"_oasis_task_priority":"","footnotes":""},"categories":[1279],"coauthors":[626],"class_list":["post-40551","post","type-post","status-publish","format-standard","has-post-thumbnail","hentry","category-selections-en"],"acf":[],"yoast_head":"<!-- This site is optimized with the Yoast SEO plugin v27.5 - https:\/\/yoast.com\/product\/yoast-seo-wordpress\/ -->\n<title>Gilles Deleuze&#039;s course, 1979-1987 - BCUL<\/title>\n<meta name=\"robots\" content=\"index, follow, max-snippet:-1, max-image-preview:large, max-video-preview:-1\" \/>\n<link rel=\"canonical\" href=\"https:\/\/www.bcu-lausanne.ch\/gilles-deleuzes-course-1979-1987\/\" \/>\n<meta property=\"og:locale\" content=\"en_US\" \/>\n<meta property=\"og:type\" content=\"article\" \/>\n<meta property=\"og:title\" content=\"Gilles Deleuze&#039;s course, 1979-1987 - BCUL\" \/>\n<meta property=\"og:description\" content=\"Less well known than his Ab\u00e9c\u00e9daire, or the essay he co-authored with F\u00e9lix Gattari entitled Qu&#8217;est-ce que la philosophie? the lecture given by French philosopher Gilles Deleuze at the Universit\u00e9 Paris 8 between 1979 and 1987 has nevertheless been recorded and transcribed in almost its entirety. Available in audio form on the BNF and Universit\u00e9 [&hellip;]\" \/>\n<meta property=\"og:url\" content=\"https:\/\/www.bcu-lausanne.ch\/gilles-deleuzes-course-1979-1987\/\" \/>\n<meta property=\"og:site_name\" content=\"BCUL\" \/>\n<meta property=\"article:publisher\" content=\"https:\/\/www.facebook.com\/BCULausanne\" \/>\n<meta property=\"article:published_time\" content=\"2025-06-19T09:16:29+00:00\" \/>\n<meta name=\"author\" content=\"Ma\u00ebl Goarzin\" \/>\n<meta name=\"twitter:card\" content=\"summary_large_image\" \/>\n<meta name=\"twitter:creator\" content=\"@BCULausanne\" \/>\n<meta name=\"twitter:site\" content=\"@BCULausanne\" \/>\n<meta name=\"twitter:label1\" content=\"Written by\" \/>\n\t<meta name=\"twitter:data1\" content=\"Ma\u00ebl Goarzin\" \/>\n\t<meta name=\"twitter:label2\" content=\"Est. reading time\" \/>\n\t<meta name=\"twitter:data2\" content=\"2 minutes\" \/>\n<script type=\"application\/ld+json\" class=\"yoast-schema-graph\">{\"@context\":\"https:\\\/\\\/schema.org\",\"@graph\":[{\"@type\":\"Article\",\"@id\":\"https:\\\/\\\/www.bcu-lausanne.ch\\\/gilles-deleuzes-course-1979-1987\\\/#article\",\"isPartOf\":{\"@id\":\"https:\\\/\\\/www.bcu-lausanne.ch\\\/gilles-deleuzes-course-1979-1987\\\/\"},\"author\":{\"name\":\"Ma\u00ebl Goarzin\",\"@id\":\"https:\\\/\\\/www.bcu-lausanne.ch\\\/#\\\/schema\\\/person\\\/5602d502d1946d5b3f2da757f1ff3cc8\"},\"headline\":\"Gilles Deleuze&#8217;s course, 1979-1987\",\"datePublished\":\"2025-06-19T09:16:29+00:00\",\"mainEntityOfPage\":{\"@id\":\"https:\\\/\\\/www.bcu-lausanne.ch\\\/gilles-deleuzes-course-1979-1987\\\/\"},\"wordCount\":367,\"commentCount\":0,\"publisher\":{\"@id\":\"https:\\\/\\\/www.bcu-lausanne.ch\\\/#organization\"},\"image\":{\"@id\":\"https:\\\/\\\/www.bcu-lausanne.ch\\\/gilles-deleuzes-course-1979-1987\\\/#primaryimage\"},\"thumbnailUrl\":\"https:\\\/\\\/www.bcu-lausanne.ch\\\/wp-content\\\/uploads\\\/2020\\\/05\\\/blog_cours-gilles-deleuze_1100x395.jpg\",\"articleSection\":[\"S\u00e9lections\"],\"inLanguage\":\"en-US\",\"potentialAction\":[{\"@type\":\"CommentAction\",\"name\":\"Comment\",\"target\":[\"https:\\\/\\\/www.bcu-lausanne.ch\\\/gilles-deleuzes-course-1979-1987\\\/#respond\"]}]},{\"@type\":\"WebPage\",\"@id\":\"https:\\\/\\\/www.bcu-lausanne.ch\\\/gilles-deleuzes-course-1979-1987\\\/\",\"url\":\"https:\\\/\\\/www.bcu-lausanne.ch\\\/gilles-deleuzes-course-1979-1987\\\/\",\"name\":\"Gilles Deleuze's course, 1979-1987 - BCUL\",\"isPartOf\":{\"@id\":\"https:\\\/\\\/www.bcu-lausanne.ch\\\/#website\"},\"primaryImageOfPage\":{\"@id\":\"https:\\\/\\\/www.bcu-lausanne.ch\\\/gilles-deleuzes-course-1979-1987\\\/#primaryimage\"},\"image\":{\"@id\":\"https:\\\/\\\/www.bcu-lausanne.ch\\\/gilles-deleuzes-course-1979-1987\\\/#primaryimage\"},\"thumbnailUrl\":\"https:\\\/\\\/www.bcu-lausanne.ch\\\/wp-content\\\/uploads\\\/2020\\\/05\\\/blog_cours-gilles-deleuze_1100x395.jpg\",\"datePublished\":\"2025-06-19T09:16:29+00:00\",\"breadcrumb\":{\"@id\":\"https:\\\/\\\/www.bcu-lausanne.ch\\\/gilles-deleuzes-course-1979-1987\\\/#breadcrumb\"},\"inLanguage\":\"en-US\",\"potentialAction\":[{\"@type\":\"ReadAction\",\"target\":[\"https:\\\/\\\/www.bcu-lausanne.ch\\\/gilles-deleuzes-course-1979-1987\\\/\"]}]},{\"@type\":\"ImageObject\",\"inLanguage\":\"en-US\",\"@id\":\"https:\\\/\\\/www.bcu-lausanne.ch\\\/gilles-deleuzes-course-1979-1987\\\/#primaryimage\",\"url\":\"https:\\\/\\\/www.bcu-lausanne.ch\\\/wp-content\\\/uploads\\\/2020\\\/05\\\/blog_cours-gilles-deleuze_1100x395.jpg\",\"contentUrl\":\"https:\\\/\\\/www.bcu-lausanne.ch\\\/wp-content\\\/uploads\\\/2020\\\/05\\\/blog_cours-gilles-deleuze_1100x395.jpg\",\"width\":1100,\"height\":395},{\"@type\":\"BreadcrumbList\",\"@id\":\"https:\\\/\\\/www.bcu-lausanne.ch\\\/gilles-deleuzes-course-1979-1987\\\/#breadcrumb\",\"itemListElement\":[{\"@type\":\"ListItem\",\"position\":1,\"name\":\"Accueil\",\"item\":\"https:\\\/\\\/www.bcu-lausanne.ch\\\/en\\\/\"},{\"@type\":\"ListItem\",\"position\":2,\"name\":\"Gilles Deleuze&rsquo;s course, 1979-1987\"}]},{\"@type\":\"WebSite\",\"@id\":\"https:\\\/\\\/www.bcu-lausanne.ch\\\/#website\",\"url\":\"https:\\\/\\\/www.bcu-lausanne.ch\\\/\",\"name\":\"BCUL\",\"description\":\"Biblioth\u00e8que cantonale et universitaire - Lausanne\",\"publisher\":{\"@id\":\"https:\\\/\\\/www.bcu-lausanne.ch\\\/#organization\"},\"potentialAction\":[{\"@type\":\"SearchAction\",\"target\":{\"@type\":\"EntryPoint\",\"urlTemplate\":\"https:\\\/\\\/www.bcu-lausanne.ch\\\/?s={search_term_string}\"},\"query-input\":{\"@type\":\"PropertyValueSpecification\",\"valueRequired\":true,\"valueName\":\"search_term_string\"}}],\"inLanguage\":\"en-US\"},{\"@type\":\"Organization\",\"@id\":\"https:\\\/\\\/www.bcu-lausanne.ch\\\/#organization\",\"name\":\"BCU Lausanne\",\"url\":\"https:\\\/\\\/www.bcu-lausanne.ch\\\/\",\"logo\":{\"@type\":\"ImageObject\",\"inLanguage\":\"en-US\",\"@id\":\"https:\\\/\\\/www.bcu-lausanne.ch\\\/#\\\/schema\\\/logo\\\/image\\\/\",\"url\":\"https:\\\/\\\/www.bcu-lausanne.ch\\\/wp-content\\\/uploads\\\/2020\\\/05\\\/bcul-logo-rvb.png\",\"contentUrl\":\"https:\\\/\\\/www.bcu-lausanne.ch\\\/wp-content\\\/uploads\\\/2020\\\/05\\\/bcul-logo-rvb.png\",\"width\":1535,\"height\":1181,\"caption\":\"BCU Lausanne\"},\"image\":{\"@id\":\"https:\\\/\\\/www.bcu-lausanne.ch\\\/#\\\/schema\\\/logo\\\/image\\\/\"},\"sameAs\":[\"https:\\\/\\\/www.facebook.com\\\/BCULausanne\",\"https:\\\/\\\/x.com\\\/BCULausanne\",\"https:\\\/\\\/www.instagram.com\\\/bculausanne\\\/\",\"https:\\\/\\\/www.linkedin.com\\\/company\\\/bcu-lausanne\\\/\",\"https:\\\/\\\/www.youtube.com\\\/channel\\\/UCdk4ItiYuWBJBz6yZnOPaEw\"]},{\"@type\":\"Person\",\"@id\":\"https:\\\/\\\/www.bcu-lausanne.ch\\\/#\\\/schema\\\/person\\\/5602d502d1946d5b3f2da757f1ff3cc8\",\"name\":\"Ma\u00ebl Goarzin\",\"image\":{\"@type\":\"ImageObject\",\"inLanguage\":\"en-US\",\"@id\":\"https:\\\/\\\/secure.gravatar.com\\\/avatar\\\/198b380c73f5e327e6d9356ccaef4a4631bfe7926b8965fe6574af50f0a3c622?s=96&d=mm&r=g59552aa1931c6598c72225f7c2035501\",\"url\":\"https:\\\/\\\/secure.gravatar.com\\\/avatar\\\/198b380c73f5e327e6d9356ccaef4a4631bfe7926b8965fe6574af50f0a3c622?s=96&d=mm&r=g\",\"contentUrl\":\"https:\\\/\\\/secure.gravatar.com\\\/avatar\\\/198b380c73f5e327e6d9356ccaef4a4631bfe7926b8965fe6574af50f0a3c622?s=96&d=mm&r=g\",\"caption\":\"Ma\u00ebl Goarzin\"}}]}<\/script>\n<!-- \/ Yoast SEO plugin. -->","yoast_head_json":{"title":"Gilles Deleuze's course, 1979-1987 - BCUL","robots":{"index":"index","follow":"follow","max-snippet":"max-snippet:-1","max-image-preview":"max-image-preview:large","max-video-preview":"max-video-preview:-1"},"canonical":"https:\/\/www.bcu-lausanne.ch\/gilles-deleuzes-course-1979-1987\/","og_locale":"en_US","og_type":"article","og_title":"Gilles Deleuze's course, 1979-1987 - BCUL","og_description":"Less well known than his Ab\u00e9c\u00e9daire, or the essay he co-authored with F\u00e9lix Gattari entitled Qu&#8217;est-ce que la philosophie? the lecture given by French philosopher Gilles Deleuze at the Universit\u00e9 Paris 8 between 1979 and 1987 has nevertheless been recorded and transcribed in almost its entirety. Available in audio form on the BNF and Universit\u00e9 [&hellip;]","og_url":"https:\/\/www.bcu-lausanne.ch\/gilles-deleuzes-course-1979-1987\/","og_site_name":"BCUL","article_publisher":"https:\/\/www.facebook.com\/BCULausanne","article_published_time":"2025-06-19T09:16:29+00:00","author":"Ma\u00ebl Goarzin","twitter_card":"summary_large_image","twitter_creator":"@BCULausanne","twitter_site":"@BCULausanne","twitter_misc":{"Written by":"Ma\u00ebl Goarzin","Est. reading time":"2 minutes"},"schema":{"@context":"https:\/\/schema.org","@graph":[{"@type":"Article","@id":"https:\/\/www.bcu-lausanne.ch\/gilles-deleuzes-course-1979-1987\/#article","isPartOf":{"@id":"https:\/\/www.bcu-lausanne.ch\/gilles-deleuzes-course-1979-1987\/"},"author":{"name":"Ma\u00ebl Goarzin","@id":"https:\/\/www.bcu-lausanne.ch\/#\/schema\/person\/5602d502d1946d5b3f2da757f1ff3cc8"},"headline":"Gilles Deleuze&#8217;s course, 1979-1987","datePublished":"2025-06-19T09:16:29+00:00","mainEntityOfPage":{"@id":"https:\/\/www.bcu-lausanne.ch\/gilles-deleuzes-course-1979-1987\/"},"wordCount":367,"commentCount":0,"publisher":{"@id":"https:\/\/www.bcu-lausanne.ch\/#organization"},"image":{"@id":"https:\/\/www.bcu-lausanne.ch\/gilles-deleuzes-course-1979-1987\/#primaryimage"},"thumbnailUrl":"https:\/\/www.bcu-lausanne.ch\/wp-content\/uploads\/2020\/05\/blog_cours-gilles-deleuze_1100x395.jpg","articleSection":["S\u00e9lections"],"inLanguage":"en-US","potentialAction":[{"@type":"CommentAction","name":"Comment","target":["https:\/\/www.bcu-lausanne.ch\/gilles-deleuzes-course-1979-1987\/#respond"]}]},{"@type":"WebPage","@id":"https:\/\/www.bcu-lausanne.ch\/gilles-deleuzes-course-1979-1987\/","url":"https:\/\/www.bcu-lausanne.ch\/gilles-deleuzes-course-1979-1987\/","name":"Gilles Deleuze's course, 1979-1987 - BCUL","isPartOf":{"@id":"https:\/\/www.bcu-lausanne.ch\/#website"},"primaryImageOfPage":{"@id":"https:\/\/www.bcu-lausanne.ch\/gilles-deleuzes-course-1979-1987\/#primaryimage"},"image":{"@id":"https:\/\/www.bcu-lausanne.ch\/gilles-deleuzes-course-1979-1987\/#primaryimage"},"thumbnailUrl":"https:\/\/www.bcu-lausanne.ch\/wp-content\/uploads\/2020\/05\/blog_cours-gilles-deleuze_1100x395.jpg","datePublished":"2025-06-19T09:16:29+00:00","breadcrumb":{"@id":"https:\/\/www.bcu-lausanne.ch\/gilles-deleuzes-course-1979-1987\/#breadcrumb"},"inLanguage":"en-US","potentialAction":[{"@type":"ReadAction","target":["https:\/\/www.bcu-lausanne.ch\/gilles-deleuzes-course-1979-1987\/"]}]},{"@type":"ImageObject","inLanguage":"en-US","@id":"https:\/\/www.bcu-lausanne.ch\/gilles-deleuzes-course-1979-1987\/#primaryimage","url":"https:\/\/www.bcu-lausanne.ch\/wp-content\/uploads\/2020\/05\/blog_cours-gilles-deleuze_1100x395.jpg","contentUrl":"https:\/\/www.bcu-lausanne.ch\/wp-content\/uploads\/2020\/05\/blog_cours-gilles-deleuze_1100x395.jpg","width":1100,"height":395},{"@type":"BreadcrumbList","@id":"https:\/\/www.bcu-lausanne.ch\/gilles-deleuzes-course-1979-1987\/#breadcrumb","itemListElement":[{"@type":"ListItem","position":1,"name":"Accueil","item":"https:\/\/www.bcu-lausanne.ch\/en\/"},{"@type":"ListItem","position":2,"name":"Gilles Deleuze&rsquo;s course, 1979-1987"}]},{"@type":"WebSite","@id":"https:\/\/www.bcu-lausanne.ch\/#website","url":"https:\/\/www.bcu-lausanne.ch\/","name":"BCUL","description":"Biblioth\u00e8que cantonale et universitaire - Lausanne","publisher":{"@id":"https:\/\/www.bcu-lausanne.ch\/#organization"},"potentialAction":[{"@type":"SearchAction","target":{"@type":"EntryPoint","urlTemplate":"https:\/\/www.bcu-lausanne.ch\/?s={search_term_string}"},"query-input":{"@type":"PropertyValueSpecification","valueRequired":true,"valueName":"search_term_string"}}],"inLanguage":"en-US"},{"@type":"Organization","@id":"https:\/\/www.bcu-lausanne.ch\/#organization","name":"BCU Lausanne","url":"https:\/\/www.bcu-lausanne.ch\/","logo":{"@type":"ImageObject","inLanguage":"en-US","@id":"https:\/\/www.bcu-lausanne.ch\/#\/schema\/logo\/image\/","url":"https:\/\/www.bcu-lausanne.ch\/wp-content\/uploads\/2020\/05\/bcul-logo-rvb.png","contentUrl":"https:\/\/www.bcu-lausanne.ch\/wp-content\/uploads\/2020\/05\/bcul-logo-rvb.png","width":1535,"height":1181,"caption":"BCU Lausanne"},"image":{"@id":"https:\/\/www.bcu-lausanne.ch\/#\/schema\/logo\/image\/"},"sameAs":["https:\/\/www.facebook.com\/BCULausanne","https:\/\/x.com\/BCULausanne","https:\/\/www.instagram.com\/bculausanne\/","https:\/\/www.linkedin.com\/company\/bcu-lausanne\/","https:\/\/www.youtube.com\/channel\/UCdk4ItiYuWBJBz6yZnOPaEw"]},{"@type":"Person","@id":"https:\/\/www.bcu-lausanne.ch\/#\/schema\/person\/5602d502d1946d5b3f2da757f1ff3cc8","name":"Ma\u00ebl Goarzin","image":{"@type":"ImageObject","inLanguage":"en-US","@id":"https:\/\/secure.gravatar.com\/avatar\/198b380c73f5e327e6d9356ccaef4a4631bfe7926b8965fe6574af50f0a3c622?s=96&d=mm&r=g59552aa1931c6598c72225f7c2035501","url":"https:\/\/secure.gravatar.com\/avatar\/198b380c73f5e327e6d9356ccaef4a4631bfe7926b8965fe6574af50f0a3c622?s=96&d=mm&r=g","contentUrl":"https:\/\/secure.gravatar.com\/avatar\/198b380c73f5e327e6d9356ccaef4a4631bfe7926b8965fe6574af50f0a3c622?s=96&d=mm&r=g","caption":"Ma\u00ebl Goarzin"}}]}},"_links":{"self":[{"href":"https:\/\/www.bcu-lausanne.ch\/en\/wp-json\/wp\/v2\/posts\/40551","targetHints":{"allow":["GET"]}}],"collection":[{"href":"https:\/\/www.bcu-lausanne.ch\/en\/wp-json\/wp\/v2\/posts"}],"about":[{"href":"https:\/\/www.bcu-lausanne.ch\/en\/wp-json\/wp\/v2\/types\/post"}],"author":[{"embeddable":true,"href":"https:\/\/www.bcu-lausanne.ch\/en\/wp-json\/wp\/v2\/users\/40"}],"replies":[{"embeddable":true,"href":"https:\/\/www.bcu-lausanne.ch\/en\/wp-json\/wp\/v2\/comments?post=40551"}],"version-history":[{"count":0,"href":"https:\/\/www.bcu-lausanne.ch\/en\/wp-json\/wp\/v2\/posts\/40551\/revisions"}],"wp:featuredmedia":[{"embeddable":true,"href":"https:\/\/www.bcu-lausanne.ch\/en\/wp-json\/wp\/v2\/media\/6549"}],"wp:attachment":[{"href":"https:\/\/www.bcu-lausanne.ch\/en\/wp-json\/wp\/v2\/media?parent=40551"}],"wp:term":[{"taxonomy":"category","embeddable":true,"href":"https:\/\/www.bcu-lausanne.ch\/en\/wp-json\/wp\/v2\/categories?post=40551"},{"taxonomy":"author","embeddable":true,"href":"https:\/\/www.bcu-lausanne.ch\/en\/wp-json\/wp\/v2\/coauthors?post=40551"}],"curies":[{"name":"wp","href":"https:\/\/api.w.org\/{rel}","templated":true}]}}