{"id":40532,"date":"2025-06-19T11:16:22","date_gmt":"2025-06-19T09:16:22","guid":{"rendered":"https:\/\/www.bcu-lausanne.ch\/leonardo-da-vinci-renaissance-genius\/"},"modified":"2025-06-19T11:16:22","modified_gmt":"2025-06-19T09:16:22","slug":"leonardo-da-vinci-renaissance-genius","status":"publish","type":"post","link":"https:\/\/www.bcu-lausanne.ch\/en\/selections-en\/leonardo-da-vinci-renaissance-genius\/","title":{"rendered":"Leonardo da Vinci, Renaissance genius"},"content":{"rendered":"<p><strong>2019 Year of Da Vinci<\/strong><\/p>\n<p>The great Italian man is celebrated everywhere. From Florence to Amboise, via Martigny, Milan, Turin, Vinci, Venice and Paris. <\/p>\n<p>Numerous events and exhibitions pay tribute to him.<\/p>\n<p>Born in 1452 in Vinci, Tuscany, he learned painting and sculpture from Verrocchio in Florence. Misunderstood in Florence, he moved to Milan to work for Duke Ludovico Sforza, known as the Moor, (The Last Supper), before moving on to Rome, Bologna and Venice as an architect and military engineer. <\/p>\n<p>His work is universal: artist, painter, wit, scientist, engineer, inventor, animal anatomist (Codex on bird flight) and human anatomist.<\/p>\n<p>Architect, royal party planner, scenographer, machinist, botanist, poet, philosopher, writer.<\/p>\n<p>An urban planner before his time, he conceived an ideal city and drew up plans in his famous Codex Atlanticus: flying machines, a giant crossbow, a parachute!<\/p>\n<p>He spent the last three years of his life with Fran\u00e7ois I at the Ch\u00e2teau du Clos Luc\u00e9. He died at the age of sixty-seven in 1519, five hundred years ago. <\/p>\n<p>He is buried at Ch\u00e2teau d&#8217;Amboise.<\/p>\n<p><a href=\"https:\/\/bit.ly\/3Actukm\" target=\"_blank\" rel=\"noopener noreferrer\">A selection<\/a> of documents to discover at the<strong>entrance to the Agora of the BCU Lausanne, Riponne site <\/strong>, from May 13 to June 10.<\/p>\n<p><strong><a href=\"http:\/\/bcu-lausanne.cantookstation.eu\/accueil\/\" target=\"_blank\" rel=\"noopener noreferrer\">eLectures<\/a> platform<\/strong><\/p>\n<ul>\n<li><a href=\"http:\/\/bcu-lausanne.cantookstation.eu\/resources\/59f025092357943fc12c3fa4\" target=\"_blank\" rel=\"noopener noreferrer\">Scientists who were right too soon<\/a><\/li>\n<li><a href=\"http:\/\/bcu-lausanne.cantookstation.eu\/resources\/5c14a3542357946b67aa909d\" target=\"_blank\" rel=\"noopener noreferrer\">The Medici clan<\/a><\/li>\n<li><a href=\"http:\/\/bcu-lausanne.cantookstation.eu\/resources\/59fd625f235794572d527cb7\" target=\"_blank\" rel=\"noopener noreferrer\">Da Vinci Code<\/a><\/li>\n<li><a href=\"http:\/\/bcu-lausanne.cantookstation.eu\/resources\/54c18a96cdd23087a9781020\" target=\"_blank\" rel=\"noopener noreferrer\">The Da Vinci deception<\/a><\/li>\n<li><a href=\"http:\/\/bcu-lausanne.cantookstation.eu\/resources\/5c0a16fc235794106177e7d1\" target=\"_blank\" rel=\"noopener noreferrer\">The Montefeltro Enigma<\/a><\/li>\n<li><a href=\"http:\/\/bcu-lausanne.cantookstation.eu\/resources\/5858d39f2357941403680127\" target=\"_blank\" rel=\"noopener noreferrer\">The history of science for dummies<\/a><\/li>\n<li><a href=\"http:\/\/bcu-lausanne.cantookstation.eu\/resources\/5abb2be8235794472e1f58ea\" target=\"_blank\" rel=\"noopener noreferrer\">Michelangelo&#8217;s broken nose and other stories<\/a><\/li>\n<li><a href=\"http:\/\/bcu-lausanne.cantookstation.eu\/resources\/54c12817cdd23087a977f53a\" target=\"_blank\" rel=\"noopener noreferrer\">A queen&#8217;s secret passion<\/a><\/li>\n<li><a href=\"http:\/\/bcu-lausanne.cantookstation.eu\/resources\/5858d39f235794140368024d\" target=\"_blank\" rel=\"noopener noreferrer\">Florentine painters of the Renaissance<\/a><\/li>\n<li><a href=\"http:\/\/bcu-lausanne.cantookstation.eu\/resources\/54c12818cdd23087a977ff01\" target=\"_blank\" rel=\"noopener noreferrer\">The Seven Crimes of Rome<\/a> (Leonardo da Vinci leads the investigation)<\/li>\n<li><a href=\"http:\/\/bcu-lausanne.cantookstation.eu\/resources\/5c7a2691235794410039599b\" target=\"_blank\" rel=\"noopener noreferrer\">The theft of the Mona Lisa<\/a><\/li>\n<li><a href=\"http:\/\/bcu-lausanne.cantookstation.eu\/resources\/593e549023579446d855370f\" target=\"_blank\" rel=\"noopener noreferrer\">Young Leonardo<\/a><\/li>\n<\/ul>\n<p>Find out more about events<\/p>\n<ul>\n<li><a href=\"https:\/\/web.archive.org\/web\/20190625031401\/https:\/\/www.amboise-valdeloire.com\/destination-amboise-chateaux-loire\/leonard-de-vinci\/amboise-fete-les-500-ans-de-leonard\/\" target=\"_blank\" rel=\"noopener noreferrer\">Amboise celebrates 500 years of Leonardo<\/a><\/li>\n<li><a href=\"http:\/\/www.mostraleonardo.it\/\" target=\"_blank\" rel=\"noopener noreferrer\">Florence and Turin<\/a><\/li>\n<li><a href=\"https:\/\/www.milanocastello.it\/\" target=\"_blank\" rel=\"noopener noreferrer\">Milan Leonardo mai visto<\/a><\/li>\n<li><a href=\"http:\/\/www.gianadda.ch\/210_expositions\/164-leonard-de-vinci-linventeur\/\" target=\"_blank\" rel=\"noopener noreferrer\">Martigny Leonardo da Vinci the inventor<\/a><\/li>\n<li><a href=\"https:\/\/www.louvre.fr\/expositions-et-evenements\/expositions\/leonard-de-vinci\" target=\"_blank\" rel=\"noopener noreferrer\">Paris Louvre Museum<\/a><\/li>\n<li><a href=\"https:\/\/museoleonardiano.it\/\" target=\"_blank\" rel=\"noopener noreferrer\">Vinci Museo leonardiano<\/a><\/li>\n<\/ul>\n<p><strong>Quiz<\/strong><\/p>\n<ul>\n<li>Finally, test your knowledge with the<a href=\"https:\/\/www.quizz.biz\/quizz-225824.html\" target=\"_blank\" rel=\"noopener noreferrer\"> Leonardo da Vinci quiz<\/a>.<\/li>\n<\/ul>\n","protected":false},"excerpt":{"rendered":"<p>2019 Year of Da Vinci The great Italian man is celebrated everywhere. From Florence to Amboise, via Martigny, Milan, Turin, Vinci, Venice and Paris. Numerous events and exhibitions pay tribute to him. Born in 1452 in Vinci, Tuscany, he learned painting and sculpture from Verrocchio in Florence. Misunderstood in Florence, he moved to Milan to [&hellip;]<\/p>\n","protected":false},"author":41,"featured_media":0,"comment_status":"open","ping_status":"open","sticky":false,"template":"","format":"standard","meta":{"_acf_changed":false,"_oasis_is_in_workflow":0,"_oasis_original":0,"_oasis_task_priority":"","footnotes":""},"categories":[1279],"coauthors":[627],"class_list":["post-40532","post","type-post","status-publish","format-standard","hentry","category-selections-en"],"acf":[],"yoast_head":"<!-- This site is optimized with the Yoast SEO plugin v27.5 - https:\/\/yoast.com\/product\/yoast-seo-wordpress\/ -->\n<title>Leonardo da Vinci, Renaissance genius - BCUL<\/title>\n<meta name=\"robots\" content=\"index, follow, max-snippet:-1, max-image-preview:large, max-video-preview:-1\" \/>\n<link rel=\"canonical\" href=\"https:\/\/www.bcu-lausanne.ch\/leonardo-da-vinci-renaissance-genius\/\" \/>\n<meta property=\"og:locale\" content=\"en_US\" \/>\n<meta property=\"og:type\" content=\"article\" \/>\n<meta property=\"og:title\" content=\"Leonardo da Vinci, Renaissance genius - BCUL\" \/>\n<meta property=\"og:description\" content=\"2019 Year of Da Vinci The great Italian man is celebrated everywhere. From Florence to Amboise, via Martigny, Milan, Turin, Vinci, Venice and Paris. Numerous events and exhibitions pay tribute to him. Born in 1452 in Vinci, Tuscany, he learned painting and sculpture from Verrocchio in Florence. Misunderstood in Florence, he moved to Milan to [&hellip;]\" \/>\n<meta property=\"og:url\" content=\"https:\/\/www.bcu-lausanne.ch\/leonardo-da-vinci-renaissance-genius\/\" \/>\n<meta property=\"og:site_name\" content=\"BCUL\" \/>\n<meta property=\"article:publisher\" content=\"https:\/\/www.facebook.com\/BCULausanne\" \/>\n<meta property=\"article:published_time\" content=\"2025-06-19T09:16:22+00:00\" \/>\n<meta name=\"author\" content=\"Evelyne Campiche\" \/>\n<meta name=\"twitter:card\" content=\"summary_large_image\" \/>\n<meta name=\"twitter:creator\" content=\"@BCULausanne\" \/>\n<meta name=\"twitter:site\" content=\"@BCULausanne\" \/>\n<meta name=\"twitter:label1\" content=\"Written by\" \/>\n\t<meta name=\"twitter:data1\" content=\"Evelyne Campiche\" \/>\n\t<meta name=\"twitter:label2\" content=\"Est. reading time\" \/>\n\t<meta name=\"twitter:data2\" content=\"1 minute\" \/>\n<script type=\"application\/ld+json\" class=\"yoast-schema-graph\">{\"@context\":\"https:\\\/\\\/schema.org\",\"@graph\":[{\"@type\":\"Article\",\"@id\":\"https:\\\/\\\/www.bcu-lausanne.ch\\\/leonardo-da-vinci-renaissance-genius\\\/#article\",\"isPartOf\":{\"@id\":\"https:\\\/\\\/www.bcu-lausanne.ch\\\/leonardo-da-vinci-renaissance-genius\\\/\"},\"author\":{\"name\":\"Evelyne Campiche\",\"@id\":\"https:\\\/\\\/www.bcu-lausanne.ch\\\/#\\\/schema\\\/person\\\/2ee35e88078b489b1ace1bdca244a41c\"},\"headline\":\"Leonardo da Vinci, Renaissance genius\",\"datePublished\":\"2025-06-19T09:16:22+00:00\",\"mainEntityOfPage\":{\"@id\":\"https:\\\/\\\/www.bcu-lausanne.ch\\\/leonardo-da-vinci-renaissance-genius\\\/\"},\"wordCount\":304,\"commentCount\":0,\"publisher\":{\"@id\":\"https:\\\/\\\/www.bcu-lausanne.ch\\\/#organization\"},\"articleSection\":[\"S\u00e9lections\"],\"inLanguage\":\"en-US\",\"potentialAction\":[{\"@type\":\"CommentAction\",\"name\":\"Comment\",\"target\":[\"https:\\\/\\\/www.bcu-lausanne.ch\\\/leonardo-da-vinci-renaissance-genius\\\/#respond\"]}]},{\"@type\":\"WebPage\",\"@id\":\"https:\\\/\\\/www.bcu-lausanne.ch\\\/leonardo-da-vinci-renaissance-genius\\\/\",\"url\":\"https:\\\/\\\/www.bcu-lausanne.ch\\\/leonardo-da-vinci-renaissance-genius\\\/\",\"name\":\"Leonardo da Vinci, Renaissance genius - BCUL\",\"isPartOf\":{\"@id\":\"https:\\\/\\\/www.bcu-lausanne.ch\\\/#website\"},\"datePublished\":\"2025-06-19T09:16:22+00:00\",\"breadcrumb\":{\"@id\":\"https:\\\/\\\/www.bcu-lausanne.ch\\\/leonardo-da-vinci-renaissance-genius\\\/#breadcrumb\"},\"inLanguage\":\"en-US\",\"potentialAction\":[{\"@type\":\"ReadAction\",\"target\":[\"https:\\\/\\\/www.bcu-lausanne.ch\\\/leonardo-da-vinci-renaissance-genius\\\/\"]}]},{\"@type\":\"BreadcrumbList\",\"@id\":\"https:\\\/\\\/www.bcu-lausanne.ch\\\/leonardo-da-vinci-renaissance-genius\\\/#breadcrumb\",\"itemListElement\":[{\"@type\":\"ListItem\",\"position\":1,\"name\":\"Accueil\",\"item\":\"https:\\\/\\\/www.bcu-lausanne.ch\\\/en\\\/\"},{\"@type\":\"ListItem\",\"position\":2,\"name\":\"Leonardo da Vinci, Renaissance genius\"}]},{\"@type\":\"WebSite\",\"@id\":\"https:\\\/\\\/www.bcu-lausanne.ch\\\/#website\",\"url\":\"https:\\\/\\\/www.bcu-lausanne.ch\\\/\",\"name\":\"BCUL\",\"description\":\"Biblioth\u00e8que cantonale et universitaire - Lausanne\",\"publisher\":{\"@id\":\"https:\\\/\\\/www.bcu-lausanne.ch\\\/#organization\"},\"potentialAction\":[{\"@type\":\"SearchAction\",\"target\":{\"@type\":\"EntryPoint\",\"urlTemplate\":\"https:\\\/\\\/www.bcu-lausanne.ch\\\/?s={search_term_string}\"},\"query-input\":{\"@type\":\"PropertyValueSpecification\",\"valueRequired\":true,\"valueName\":\"search_term_string\"}}],\"inLanguage\":\"en-US\"},{\"@type\":\"Organization\",\"@id\":\"https:\\\/\\\/www.bcu-lausanne.ch\\\/#organization\",\"name\":\"BCU Lausanne\",\"url\":\"https:\\\/\\\/www.bcu-lausanne.ch\\\/\",\"logo\":{\"@type\":\"ImageObject\",\"inLanguage\":\"en-US\",\"@id\":\"https:\\\/\\\/www.bcu-lausanne.ch\\\/#\\\/schema\\\/logo\\\/image\\\/\",\"url\":\"https:\\\/\\\/www.bcu-lausanne.ch\\\/wp-content\\\/uploads\\\/2020\\\/05\\\/bcul-logo-rvb.png\",\"contentUrl\":\"https:\\\/\\\/www.bcu-lausanne.ch\\\/wp-content\\\/uploads\\\/2020\\\/05\\\/bcul-logo-rvb.png\",\"width\":1535,\"height\":1181,\"caption\":\"BCU Lausanne\"},\"image\":{\"@id\":\"https:\\\/\\\/www.bcu-lausanne.ch\\\/#\\\/schema\\\/logo\\\/image\\\/\"},\"sameAs\":[\"https:\\\/\\\/www.facebook.com\\\/BCULausanne\",\"https:\\\/\\\/x.com\\\/BCULausanne\",\"https:\\\/\\\/www.instagram.com\\\/bculausanne\\\/\",\"https:\\\/\\\/www.linkedin.com\\\/company\\\/bcu-lausanne\\\/\",\"https:\\\/\\\/www.youtube.com\\\/channel\\\/UCdk4ItiYuWBJBz6yZnOPaEw\"]},{\"@type\":\"Person\",\"@id\":\"https:\\\/\\\/www.bcu-lausanne.ch\\\/#\\\/schema\\\/person\\\/2ee35e88078b489b1ace1bdca244a41c\",\"name\":\"Evelyne Campiche\",\"image\":{\"@type\":\"ImageObject\",\"inLanguage\":\"en-US\",\"@id\":\"https:\\\/\\\/secure.gravatar.com\\\/avatar\\\/ded15dab7b926ccf55aae82ab41eebc416ba94b509dbf2b4fe51254cdeeae924?s=96&d=mm&r=gb0e9056e7dcb40d010ab471852a4150b\",\"url\":\"https:\\\/\\\/secure.gravatar.com\\\/avatar\\\/ded15dab7b926ccf55aae82ab41eebc416ba94b509dbf2b4fe51254cdeeae924?s=96&d=mm&r=g\",\"contentUrl\":\"https:\\\/\\\/secure.gravatar.com\\\/avatar\\\/ded15dab7b926ccf55aae82ab41eebc416ba94b509dbf2b4fe51254cdeeae924?s=96&d=mm&r=g\",\"caption\":\"Evelyne Campiche\"}}]}<\/script>\n<!-- \/ Yoast SEO plugin. -->","yoast_head_json":{"title":"Leonardo da Vinci, Renaissance genius - BCUL","robots":{"index":"index","follow":"follow","max-snippet":"max-snippet:-1","max-image-preview":"max-image-preview:large","max-video-preview":"max-video-preview:-1"},"canonical":"https:\/\/www.bcu-lausanne.ch\/leonardo-da-vinci-renaissance-genius\/","og_locale":"en_US","og_type":"article","og_title":"Leonardo da Vinci, Renaissance genius - BCUL","og_description":"2019 Year of Da Vinci The great Italian man is celebrated everywhere. From Florence to Amboise, via Martigny, Milan, Turin, Vinci, Venice and Paris. Numerous events and exhibitions pay tribute to him. Born in 1452 in Vinci, Tuscany, he learned painting and sculpture from Verrocchio in Florence. Misunderstood in Florence, he moved to Milan to [&hellip;]","og_url":"https:\/\/www.bcu-lausanne.ch\/leonardo-da-vinci-renaissance-genius\/","og_site_name":"BCUL","article_publisher":"https:\/\/www.facebook.com\/BCULausanne","article_published_time":"2025-06-19T09:16:22+00:00","author":"Evelyne Campiche","twitter_card":"summary_large_image","twitter_creator":"@BCULausanne","twitter_site":"@BCULausanne","twitter_misc":{"Written by":"Evelyne Campiche","Est. reading time":"1 minute"},"schema":{"@context":"https:\/\/schema.org","@graph":[{"@type":"Article","@id":"https:\/\/www.bcu-lausanne.ch\/leonardo-da-vinci-renaissance-genius\/#article","isPartOf":{"@id":"https:\/\/www.bcu-lausanne.ch\/leonardo-da-vinci-renaissance-genius\/"},"author":{"name":"Evelyne Campiche","@id":"https:\/\/www.bcu-lausanne.ch\/#\/schema\/person\/2ee35e88078b489b1ace1bdca244a41c"},"headline":"Leonardo da Vinci, Renaissance genius","datePublished":"2025-06-19T09:16:22+00:00","mainEntityOfPage":{"@id":"https:\/\/www.bcu-lausanne.ch\/leonardo-da-vinci-renaissance-genius\/"},"wordCount":304,"commentCount":0,"publisher":{"@id":"https:\/\/www.bcu-lausanne.ch\/#organization"},"articleSection":["S\u00e9lections"],"inLanguage":"en-US","potentialAction":[{"@type":"CommentAction","name":"Comment","target":["https:\/\/www.bcu-lausanne.ch\/leonardo-da-vinci-renaissance-genius\/#respond"]}]},{"@type":"WebPage","@id":"https:\/\/www.bcu-lausanne.ch\/leonardo-da-vinci-renaissance-genius\/","url":"https:\/\/www.bcu-lausanne.ch\/leonardo-da-vinci-renaissance-genius\/","name":"Leonardo da Vinci, Renaissance genius - BCUL","isPartOf":{"@id":"https:\/\/www.bcu-lausanne.ch\/#website"},"datePublished":"2025-06-19T09:16:22+00:00","breadcrumb":{"@id":"https:\/\/www.bcu-lausanne.ch\/leonardo-da-vinci-renaissance-genius\/#breadcrumb"},"inLanguage":"en-US","potentialAction":[{"@type":"ReadAction","target":["https:\/\/www.bcu-lausanne.ch\/leonardo-da-vinci-renaissance-genius\/"]}]},{"@type":"BreadcrumbList","@id":"https:\/\/www.bcu-lausanne.ch\/leonardo-da-vinci-renaissance-genius\/#breadcrumb","itemListElement":[{"@type":"ListItem","position":1,"name":"Accueil","item":"https:\/\/www.bcu-lausanne.ch\/en\/"},{"@type":"ListItem","position":2,"name":"Leonardo da Vinci, Renaissance genius"}]},{"@type":"WebSite","@id":"https:\/\/www.bcu-lausanne.ch\/#website","url":"https:\/\/www.bcu-lausanne.ch\/","name":"BCUL","description":"Biblioth\u00e8que cantonale et universitaire - Lausanne","publisher":{"@id":"https:\/\/www.bcu-lausanne.ch\/#organization"},"potentialAction":[{"@type":"SearchAction","target":{"@type":"EntryPoint","urlTemplate":"https:\/\/www.bcu-lausanne.ch\/?s={search_term_string}"},"query-input":{"@type":"PropertyValueSpecification","valueRequired":true,"valueName":"search_term_string"}}],"inLanguage":"en-US"},{"@type":"Organization","@id":"https:\/\/www.bcu-lausanne.ch\/#organization","name":"BCU Lausanne","url":"https:\/\/www.bcu-lausanne.ch\/","logo":{"@type":"ImageObject","inLanguage":"en-US","@id":"https:\/\/www.bcu-lausanne.ch\/#\/schema\/logo\/image\/","url":"https:\/\/www.bcu-lausanne.ch\/wp-content\/uploads\/2020\/05\/bcul-logo-rvb.png","contentUrl":"https:\/\/www.bcu-lausanne.ch\/wp-content\/uploads\/2020\/05\/bcul-logo-rvb.png","width":1535,"height":1181,"caption":"BCU Lausanne"},"image":{"@id":"https:\/\/www.bcu-lausanne.ch\/#\/schema\/logo\/image\/"},"sameAs":["https:\/\/www.facebook.com\/BCULausanne","https:\/\/x.com\/BCULausanne","https:\/\/www.instagram.com\/bculausanne\/","https:\/\/www.linkedin.com\/company\/bcu-lausanne\/","https:\/\/www.youtube.com\/channel\/UCdk4ItiYuWBJBz6yZnOPaEw"]},{"@type":"Person","@id":"https:\/\/www.bcu-lausanne.ch\/#\/schema\/person\/2ee35e88078b489b1ace1bdca244a41c","name":"Evelyne Campiche","image":{"@type":"ImageObject","inLanguage":"en-US","@id":"https:\/\/secure.gravatar.com\/avatar\/ded15dab7b926ccf55aae82ab41eebc416ba94b509dbf2b4fe51254cdeeae924?s=96&d=mm&r=gb0e9056e7dcb40d010ab471852a4150b","url":"https:\/\/secure.gravatar.com\/avatar\/ded15dab7b926ccf55aae82ab41eebc416ba94b509dbf2b4fe51254cdeeae924?s=96&d=mm&r=g","contentUrl":"https:\/\/secure.gravatar.com\/avatar\/ded15dab7b926ccf55aae82ab41eebc416ba94b509dbf2b4fe51254cdeeae924?s=96&d=mm&r=g","caption":"Evelyne Campiche"}}]}},"_links":{"self":[{"href":"https:\/\/www.bcu-lausanne.ch\/en\/wp-json\/wp\/v2\/posts\/40532","targetHints":{"allow":["GET"]}}],"collection":[{"href":"https:\/\/www.bcu-lausanne.ch\/en\/wp-json\/wp\/v2\/posts"}],"about":[{"href":"https:\/\/www.bcu-lausanne.ch\/en\/wp-json\/wp\/v2\/types\/post"}],"author":[{"embeddable":true,"href":"https:\/\/www.bcu-lausanne.ch\/en\/wp-json\/wp\/v2\/users\/41"}],"replies":[{"embeddable":true,"href":"https:\/\/www.bcu-lausanne.ch\/en\/wp-json\/wp\/v2\/comments?post=40532"}],"version-history":[{"count":0,"href":"https:\/\/www.bcu-lausanne.ch\/en\/wp-json\/wp\/v2\/posts\/40532\/revisions"}],"wp:attachment":[{"href":"https:\/\/www.bcu-lausanne.ch\/en\/wp-json\/wp\/v2\/media?parent=40532"}],"wp:term":[{"taxonomy":"category","embeddable":true,"href":"https:\/\/www.bcu-lausanne.ch\/en\/wp-json\/wp\/v2\/categories?post=40532"},{"taxonomy":"author","embeddable":true,"href":"https:\/\/www.bcu-lausanne.ch\/en\/wp-json\/wp\/v2\/coauthors?post=40532"}],"curies":[{"name":"wp","href":"https:\/\/api.w.org\/{rel}","templated":true}]}}