{"id":40513,"date":"2025-06-19T11:16:12","date_gmt":"2025-06-19T09:16:12","guid":{"rendered":"https:\/\/www.bcu-lausanne.ch\/the-evils-of-the-gulag-personal-accounts\/"},"modified":"2025-06-19T11:16:12","modified_gmt":"2025-06-19T09:16:12","slug":"the-evils-of-the-gulag-personal-accounts","status":"publish","type":"post","link":"https:\/\/www.bcu-lausanne.ch\/en\/selections-en\/the-evils-of-the-gulag-personal-accounts\/","title":{"rendered":"The evils of the gulag: personal accounts"},"content":{"rendered":"<p>Many gulag survivors, having experienced suffering and degradation during their imprisonment, took up the pen after their liberation. Their stories, full of strength and courage, are invaluable testimonies. They provide an insight into the reality of survival conditions in Soviet camps, as well as into the innermost depths of the human soul.  <\/p>\n<p>From <strong>March 3 to 17, 2020<\/strong>, the BCUL Unith\u00e8que site will be showcasing a <a href=\"https:\/\/renouvaud1.primo.exlibrisgroup.com\/discovery\/collectionDiscovery?vid=41BCULAUSA_LIB:VU2&amp;inst=41BCULAUSA_LIB&amp;collectionId=81388625000002852\">selection of documents<\/a> in its open-access area.<\/p>\n<p>The following testimonies were strictly forbidden from publication for decades:<\/p>\n<blockquote><p>Our hut is like a hospital. Scurvy is weakening us one by one. Everyone is sick. You could spit in the face of anyone who dares to say they&#8217;ve been deported to the Arctic Circle without falling ill with scurvy. Everyone is affected to varying degrees. The disease manifests itself in bleeding gums. They swell and turn blue, the teeth start to move, then fall out painlessly, leaving only the roots (Dalia Grinkeviciute, <em>Prisonni\u00e8re de l&#8217;\u00eele glac\u00e9e de Trofimovsk<\/em>, Pocket, 2018, p.        93)<\/p>\n<p>In the 1920s, outdoor work [&#8230;] had to stop at minus 25\u00b0 Celsius. Later, secret instructions raised the bar higher and higher, reaching minus 50\u00b0 C in the Kolyma camps [&#8230;]. Prisoners were used by Soviet authorities as guinea pigs to test human resistance to cold (hunger, ill-treatment, etc.). (Jacques Rossi, <em>Qu&#8217;elle \u00e9tait belle cette utopie<\/em>, Interf\u00e9rences, 2016, p.   161.)<\/p>\n<p>Any inmate who failed to meet the standard would be considered guilty of sabotage; she would not only be deprived of food, but placed in a disciplinary cell. [&#8230;] It&#8217;s hard to describe this disciplinary cell. It was a small, unheated shack that resembled a public latrine: it was absolutely forbidden to leave, and no buckets had been installed. To sit down on the single tree trunk that served as a bench, you had to queue up: we were forced to spend most of the night standing up (Evgu\u00e9nia Guinzbourg, <em>Le vertige<\/em>, Seuil, 1997, pp. 453-454).    <\/p><\/blockquote>\n<p>Sylvia Biro, academic collections, BCUL site Unith\u00e8que<\/p>\n","protected":false},"excerpt":{"rendered":"<p>Many gulag survivors, having experienced suffering and degradation during their imprisonment, took up the pen after their liberation. Their stories, full of strength and courage, are invaluable testimonies. They provide an insight into the reality of survival conditions in Soviet camps, as well as into the innermost depths of the human soul. From March 3 [&hellip;]<\/p>\n","protected":false},"author":65,"featured_media":6508,"comment_status":"open","ping_status":"open","sticky":false,"template":"","format":"standard","meta":{"_acf_changed":false,"_oasis_is_in_workflow":0,"_oasis_original":0,"_oasis_task_priority":"","footnotes":""},"categories":[1279],"coauthors":[661],"class_list":["post-40513","post","type-post","status-publish","format-standard","has-post-thumbnail","hentry","category-selections-en"],"acf":[],"yoast_head":"<!-- This site is optimized with the Yoast SEO plugin v27.5 - https:\/\/yoast.com\/product\/yoast-seo-wordpress\/ -->\n<title>The evils of the gulag: personal accounts - BCUL<\/title>\n<meta name=\"robots\" content=\"index, follow, max-snippet:-1, max-image-preview:large, max-video-preview:-1\" \/>\n<link rel=\"canonical\" href=\"https:\/\/www.bcu-lausanne.ch\/en\/selections-en\/the-evils-of-the-gulag-personal-accounts\/\" \/>\n<meta property=\"og:locale\" content=\"en_US\" \/>\n<meta property=\"og:type\" content=\"article\" \/>\n<meta property=\"og:title\" content=\"The evils of the gulag: personal accounts - BCUL\" \/>\n<meta property=\"og:description\" content=\"Many gulag survivors, having experienced suffering and degradation during their imprisonment, took up the pen after their liberation. Their stories, full of strength and courage, are invaluable testimonies. They provide an insight into the reality of survival conditions in Soviet camps, as well as into the innermost depths of the human soul. From March 3 [&hellip;]\" \/>\n<meta property=\"og:url\" content=\"https:\/\/www.bcu-lausanne.ch\/en\/selections-en\/the-evils-of-the-gulag-personal-accounts\/\" \/>\n<meta property=\"og:site_name\" content=\"BCUL\" \/>\n<meta property=\"article:publisher\" content=\"https:\/\/www.facebook.com\/BCULausanne\" \/>\n<meta property=\"article:published_time\" content=\"2025-06-19T09:16:12+00:00\" \/>\n<meta property=\"og:image\" content=\"https:\/\/www.bcu-lausanne.ch\/wp-content\/uploads\/2020\/05\/blog_goulag_1100x395-1.jpg\" \/>\n\t<meta property=\"og:image:width\" content=\"1100\" \/>\n\t<meta property=\"og:image:height\" content=\"395\" \/>\n\t<meta property=\"og:image:type\" content=\"image\/jpeg\" \/>\n<meta name=\"author\" content=\"Sylvia Biro\" \/>\n<meta name=\"twitter:card\" content=\"summary_large_image\" \/>\n<meta name=\"twitter:creator\" content=\"@BCULausanne\" \/>\n<meta name=\"twitter:site\" content=\"@BCULausanne\" \/>\n<meta name=\"twitter:label1\" content=\"Written by\" \/>\n\t<meta name=\"twitter:data1\" content=\"Sylvia Biro\" \/>\n\t<meta name=\"twitter:label2\" content=\"Est. reading time\" \/>\n\t<meta name=\"twitter:data2\" content=\"2 minutes\" \/>\n<script type=\"application\/ld+json\" class=\"yoast-schema-graph\">{\"@context\":\"https:\\\/\\\/schema.org\",\"@graph\":[{\"@type\":\"Article\",\"@id\":\"https:\\\/\\\/www.bcu-lausanne.ch\\\/en\\\/selections-en\\\/the-evils-of-the-gulag-personal-accounts\\\/#article\",\"isPartOf\":{\"@id\":\"https:\\\/\\\/www.bcu-lausanne.ch\\\/en\\\/selections-en\\\/the-evils-of-the-gulag-personal-accounts\\\/\"},\"author\":{\"name\":\"Sylvia Biro\",\"@id\":\"https:\\\/\\\/www.bcu-lausanne.ch\\\/#\\\/schema\\\/person\\\/4c59ebdb25f26be04f8f92b56d0598fa\"},\"headline\":\"The evils of the gulag: personal accounts\",\"datePublished\":\"2025-06-19T09:16:12+00:00\",\"mainEntityOfPage\":{\"@id\":\"https:\\\/\\\/www.bcu-lausanne.ch\\\/en\\\/selections-en\\\/the-evils-of-the-gulag-personal-accounts\\\/\"},\"wordCount\":333,\"commentCount\":0,\"publisher\":{\"@id\":\"https:\\\/\\\/www.bcu-lausanne.ch\\\/#organization\"},\"image\":{\"@id\":\"https:\\\/\\\/www.bcu-lausanne.ch\\\/en\\\/selections-en\\\/the-evils-of-the-gulag-personal-accounts\\\/#primaryimage\"},\"thumbnailUrl\":\"https:\\\/\\\/www.bcu-lausanne.ch\\\/wp-content\\\/uploads\\\/2020\\\/05\\\/blog_goulag_1100x395-1.jpg\",\"articleSection\":[\"S\u00e9lections\"],\"inLanguage\":\"en-US\",\"potentialAction\":[{\"@type\":\"CommentAction\",\"name\":\"Comment\",\"target\":[\"https:\\\/\\\/www.bcu-lausanne.ch\\\/en\\\/selections-en\\\/the-evils-of-the-gulag-personal-accounts\\\/#respond\"]}]},{\"@type\":\"WebPage\",\"@id\":\"https:\\\/\\\/www.bcu-lausanne.ch\\\/en\\\/selections-en\\\/the-evils-of-the-gulag-personal-accounts\\\/\",\"url\":\"https:\\\/\\\/www.bcu-lausanne.ch\\\/en\\\/selections-en\\\/the-evils-of-the-gulag-personal-accounts\\\/\",\"name\":\"The evils of the gulag: personal accounts - BCUL\",\"isPartOf\":{\"@id\":\"https:\\\/\\\/www.bcu-lausanne.ch\\\/#website\"},\"primaryImageOfPage\":{\"@id\":\"https:\\\/\\\/www.bcu-lausanne.ch\\\/en\\\/selections-en\\\/the-evils-of-the-gulag-personal-accounts\\\/#primaryimage\"},\"image\":{\"@id\":\"https:\\\/\\\/www.bcu-lausanne.ch\\\/en\\\/selections-en\\\/the-evils-of-the-gulag-personal-accounts\\\/#primaryimage\"},\"thumbnailUrl\":\"https:\\\/\\\/www.bcu-lausanne.ch\\\/wp-content\\\/uploads\\\/2020\\\/05\\\/blog_goulag_1100x395-1.jpg\",\"datePublished\":\"2025-06-19T09:16:12+00:00\",\"breadcrumb\":{\"@id\":\"https:\\\/\\\/www.bcu-lausanne.ch\\\/en\\\/selections-en\\\/the-evils-of-the-gulag-personal-accounts\\\/#breadcrumb\"},\"inLanguage\":\"en-US\",\"potentialAction\":[{\"@type\":\"ReadAction\",\"target\":[\"https:\\\/\\\/www.bcu-lausanne.ch\\\/en\\\/selections-en\\\/the-evils-of-the-gulag-personal-accounts\\\/\"]}]},{\"@type\":\"ImageObject\",\"inLanguage\":\"en-US\",\"@id\":\"https:\\\/\\\/www.bcu-lausanne.ch\\\/en\\\/selections-en\\\/the-evils-of-the-gulag-personal-accounts\\\/#primaryimage\",\"url\":\"https:\\\/\\\/www.bcu-lausanne.ch\\\/wp-content\\\/uploads\\\/2020\\\/05\\\/blog_goulag_1100x395-1.jpg\",\"contentUrl\":\"https:\\\/\\\/www.bcu-lausanne.ch\\\/wp-content\\\/uploads\\\/2020\\\/05\\\/blog_goulag_1100x395-1.jpg\",\"width\":1100,\"height\":395},{\"@type\":\"BreadcrumbList\",\"@id\":\"https:\\\/\\\/www.bcu-lausanne.ch\\\/en\\\/selections-en\\\/the-evils-of-the-gulag-personal-accounts\\\/#breadcrumb\",\"itemListElement\":[{\"@type\":\"ListItem\",\"position\":1,\"name\":\"Accueil\",\"item\":\"https:\\\/\\\/www.bcu-lausanne.ch\\\/en\\\/\"},{\"@type\":\"ListItem\",\"position\":2,\"name\":\"The evils of the gulag: personal accounts\"}]},{\"@type\":\"WebSite\",\"@id\":\"https:\\\/\\\/www.bcu-lausanne.ch\\\/#website\",\"url\":\"https:\\\/\\\/www.bcu-lausanne.ch\\\/\",\"name\":\"BCUL\",\"description\":\"Biblioth\u00e8que cantonale et universitaire - Lausanne\",\"publisher\":{\"@id\":\"https:\\\/\\\/www.bcu-lausanne.ch\\\/#organization\"},\"potentialAction\":[{\"@type\":\"SearchAction\",\"target\":{\"@type\":\"EntryPoint\",\"urlTemplate\":\"https:\\\/\\\/www.bcu-lausanne.ch\\\/?s={search_term_string}\"},\"query-input\":{\"@type\":\"PropertyValueSpecification\",\"valueRequired\":true,\"valueName\":\"search_term_string\"}}],\"inLanguage\":\"en-US\"},{\"@type\":\"Organization\",\"@id\":\"https:\\\/\\\/www.bcu-lausanne.ch\\\/#organization\",\"name\":\"BCU Lausanne\",\"url\":\"https:\\\/\\\/www.bcu-lausanne.ch\\\/\",\"logo\":{\"@type\":\"ImageObject\",\"inLanguage\":\"en-US\",\"@id\":\"https:\\\/\\\/www.bcu-lausanne.ch\\\/#\\\/schema\\\/logo\\\/image\\\/\",\"url\":\"https:\\\/\\\/www.bcu-lausanne.ch\\\/wp-content\\\/uploads\\\/2020\\\/05\\\/bcul-logo-rvb.png\",\"contentUrl\":\"https:\\\/\\\/www.bcu-lausanne.ch\\\/wp-content\\\/uploads\\\/2020\\\/05\\\/bcul-logo-rvb.png\",\"width\":1535,\"height\":1181,\"caption\":\"BCU Lausanne\"},\"image\":{\"@id\":\"https:\\\/\\\/www.bcu-lausanne.ch\\\/#\\\/schema\\\/logo\\\/image\\\/\"},\"sameAs\":[\"https:\\\/\\\/www.facebook.com\\\/BCULausanne\",\"https:\\\/\\\/x.com\\\/BCULausanne\",\"https:\\\/\\\/www.instagram.com\\\/bculausanne\\\/\",\"https:\\\/\\\/www.linkedin.com\\\/company\\\/bcu-lausanne\\\/\",\"https:\\\/\\\/www.youtube.com\\\/channel\\\/UCdk4ItiYuWBJBz6yZnOPaEw\"]},{\"@type\":\"Person\",\"@id\":\"https:\\\/\\\/www.bcu-lausanne.ch\\\/#\\\/schema\\\/person\\\/4c59ebdb25f26be04f8f92b56d0598fa\",\"name\":\"Sylvia Biro\",\"image\":{\"@type\":\"ImageObject\",\"inLanguage\":\"en-US\",\"@id\":\"https:\\\/\\\/secure.gravatar.com\\\/avatar\\\/ff5fa287a623f851d71f71f5d09a8e2c6b3e92d6b808dc52ba757dcb18ebdfd2?s=96&d=mm&r=g42f0699af3a6036f25f5ac88f43ac245\",\"url\":\"https:\\\/\\\/secure.gravatar.com\\\/avatar\\\/ff5fa287a623f851d71f71f5d09a8e2c6b3e92d6b808dc52ba757dcb18ebdfd2?s=96&d=mm&r=g\",\"contentUrl\":\"https:\\\/\\\/secure.gravatar.com\\\/avatar\\\/ff5fa287a623f851d71f71f5d09a8e2c6b3e92d6b808dc52ba757dcb18ebdfd2?s=96&d=mm&r=g\",\"caption\":\"Sylvia Biro\"}}]}<\/script>\n<!-- \/ Yoast SEO plugin. -->","yoast_head_json":{"title":"The evils of the gulag: personal accounts - BCUL","robots":{"index":"index","follow":"follow","max-snippet":"max-snippet:-1","max-image-preview":"max-image-preview:large","max-video-preview":"max-video-preview:-1"},"canonical":"https:\/\/www.bcu-lausanne.ch\/en\/selections-en\/the-evils-of-the-gulag-personal-accounts\/","og_locale":"en_US","og_type":"article","og_title":"The evils of the gulag: personal accounts - BCUL","og_description":"Many gulag survivors, having experienced suffering and degradation during their imprisonment, took up the pen after their liberation. Their stories, full of strength and courage, are invaluable testimonies. They provide an insight into the reality of survival conditions in Soviet camps, as well as into the innermost depths of the human soul. From March 3 [&hellip;]","og_url":"https:\/\/www.bcu-lausanne.ch\/en\/selections-en\/the-evils-of-the-gulag-personal-accounts\/","og_site_name":"BCUL","article_publisher":"https:\/\/www.facebook.com\/BCULausanne","article_published_time":"2025-06-19T09:16:12+00:00","og_image":[{"width":1100,"height":395,"url":"https:\/\/www.bcu-lausanne.ch\/wp-content\/uploads\/2020\/05\/blog_goulag_1100x395-1.jpg","type":"image\/jpeg"}],"author":"Sylvia Biro","twitter_card":"summary_large_image","twitter_creator":"@BCULausanne","twitter_site":"@BCULausanne","twitter_misc":{"Written by":"Sylvia Biro","Est. reading time":"2 minutes"},"schema":{"@context":"https:\/\/schema.org","@graph":[{"@type":"Article","@id":"https:\/\/www.bcu-lausanne.ch\/en\/selections-en\/the-evils-of-the-gulag-personal-accounts\/#article","isPartOf":{"@id":"https:\/\/www.bcu-lausanne.ch\/en\/selections-en\/the-evils-of-the-gulag-personal-accounts\/"},"author":{"name":"Sylvia Biro","@id":"https:\/\/www.bcu-lausanne.ch\/#\/schema\/person\/4c59ebdb25f26be04f8f92b56d0598fa"},"headline":"The evils of the gulag: personal accounts","datePublished":"2025-06-19T09:16:12+00:00","mainEntityOfPage":{"@id":"https:\/\/www.bcu-lausanne.ch\/en\/selections-en\/the-evils-of-the-gulag-personal-accounts\/"},"wordCount":333,"commentCount":0,"publisher":{"@id":"https:\/\/www.bcu-lausanne.ch\/#organization"},"image":{"@id":"https:\/\/www.bcu-lausanne.ch\/en\/selections-en\/the-evils-of-the-gulag-personal-accounts\/#primaryimage"},"thumbnailUrl":"https:\/\/www.bcu-lausanne.ch\/wp-content\/uploads\/2020\/05\/blog_goulag_1100x395-1.jpg","articleSection":["S\u00e9lections"],"inLanguage":"en-US","potentialAction":[{"@type":"CommentAction","name":"Comment","target":["https:\/\/www.bcu-lausanne.ch\/en\/selections-en\/the-evils-of-the-gulag-personal-accounts\/#respond"]}]},{"@type":"WebPage","@id":"https:\/\/www.bcu-lausanne.ch\/en\/selections-en\/the-evils-of-the-gulag-personal-accounts\/","url":"https:\/\/www.bcu-lausanne.ch\/en\/selections-en\/the-evils-of-the-gulag-personal-accounts\/","name":"The evils of the gulag: personal accounts - BCUL","isPartOf":{"@id":"https:\/\/www.bcu-lausanne.ch\/#website"},"primaryImageOfPage":{"@id":"https:\/\/www.bcu-lausanne.ch\/en\/selections-en\/the-evils-of-the-gulag-personal-accounts\/#primaryimage"},"image":{"@id":"https:\/\/www.bcu-lausanne.ch\/en\/selections-en\/the-evils-of-the-gulag-personal-accounts\/#primaryimage"},"thumbnailUrl":"https:\/\/www.bcu-lausanne.ch\/wp-content\/uploads\/2020\/05\/blog_goulag_1100x395-1.jpg","datePublished":"2025-06-19T09:16:12+00:00","breadcrumb":{"@id":"https:\/\/www.bcu-lausanne.ch\/en\/selections-en\/the-evils-of-the-gulag-personal-accounts\/#breadcrumb"},"inLanguage":"en-US","potentialAction":[{"@type":"ReadAction","target":["https:\/\/www.bcu-lausanne.ch\/en\/selections-en\/the-evils-of-the-gulag-personal-accounts\/"]}]},{"@type":"ImageObject","inLanguage":"en-US","@id":"https:\/\/www.bcu-lausanne.ch\/en\/selections-en\/the-evils-of-the-gulag-personal-accounts\/#primaryimage","url":"https:\/\/www.bcu-lausanne.ch\/wp-content\/uploads\/2020\/05\/blog_goulag_1100x395-1.jpg","contentUrl":"https:\/\/www.bcu-lausanne.ch\/wp-content\/uploads\/2020\/05\/blog_goulag_1100x395-1.jpg","width":1100,"height":395},{"@type":"BreadcrumbList","@id":"https:\/\/www.bcu-lausanne.ch\/en\/selections-en\/the-evils-of-the-gulag-personal-accounts\/#breadcrumb","itemListElement":[{"@type":"ListItem","position":1,"name":"Accueil","item":"https:\/\/www.bcu-lausanne.ch\/en\/"},{"@type":"ListItem","position":2,"name":"The evils of the gulag: personal accounts"}]},{"@type":"WebSite","@id":"https:\/\/www.bcu-lausanne.ch\/#website","url":"https:\/\/www.bcu-lausanne.ch\/","name":"BCUL","description":"Biblioth\u00e8que cantonale et universitaire - Lausanne","publisher":{"@id":"https:\/\/www.bcu-lausanne.ch\/#organization"},"potentialAction":[{"@type":"SearchAction","target":{"@type":"EntryPoint","urlTemplate":"https:\/\/www.bcu-lausanne.ch\/?s={search_term_string}"},"query-input":{"@type":"PropertyValueSpecification","valueRequired":true,"valueName":"search_term_string"}}],"inLanguage":"en-US"},{"@type":"Organization","@id":"https:\/\/www.bcu-lausanne.ch\/#organization","name":"BCU Lausanne","url":"https:\/\/www.bcu-lausanne.ch\/","logo":{"@type":"ImageObject","inLanguage":"en-US","@id":"https:\/\/www.bcu-lausanne.ch\/#\/schema\/logo\/image\/","url":"https:\/\/www.bcu-lausanne.ch\/wp-content\/uploads\/2020\/05\/bcul-logo-rvb.png","contentUrl":"https:\/\/www.bcu-lausanne.ch\/wp-content\/uploads\/2020\/05\/bcul-logo-rvb.png","width":1535,"height":1181,"caption":"BCU Lausanne"},"image":{"@id":"https:\/\/www.bcu-lausanne.ch\/#\/schema\/logo\/image\/"},"sameAs":["https:\/\/www.facebook.com\/BCULausanne","https:\/\/x.com\/BCULausanne","https:\/\/www.instagram.com\/bculausanne\/","https:\/\/www.linkedin.com\/company\/bcu-lausanne\/","https:\/\/www.youtube.com\/channel\/UCdk4ItiYuWBJBz6yZnOPaEw"]},{"@type":"Person","@id":"https:\/\/www.bcu-lausanne.ch\/#\/schema\/person\/4c59ebdb25f26be04f8f92b56d0598fa","name":"Sylvia Biro","image":{"@type":"ImageObject","inLanguage":"en-US","@id":"https:\/\/secure.gravatar.com\/avatar\/ff5fa287a623f851d71f71f5d09a8e2c6b3e92d6b808dc52ba757dcb18ebdfd2?s=96&d=mm&r=g42f0699af3a6036f25f5ac88f43ac245","url":"https:\/\/secure.gravatar.com\/avatar\/ff5fa287a623f851d71f71f5d09a8e2c6b3e92d6b808dc52ba757dcb18ebdfd2?s=96&d=mm&r=g","contentUrl":"https:\/\/secure.gravatar.com\/avatar\/ff5fa287a623f851d71f71f5d09a8e2c6b3e92d6b808dc52ba757dcb18ebdfd2?s=96&d=mm&r=g","caption":"Sylvia Biro"}}]}},"_links":{"self":[{"href":"https:\/\/www.bcu-lausanne.ch\/en\/wp-json\/wp\/v2\/posts\/40513","targetHints":{"allow":["GET"]}}],"collection":[{"href":"https:\/\/www.bcu-lausanne.ch\/en\/wp-json\/wp\/v2\/posts"}],"about":[{"href":"https:\/\/www.bcu-lausanne.ch\/en\/wp-json\/wp\/v2\/types\/post"}],"author":[{"embeddable":true,"href":"https:\/\/www.bcu-lausanne.ch\/en\/wp-json\/wp\/v2\/users\/65"}],"replies":[{"embeddable":true,"href":"https:\/\/www.bcu-lausanne.ch\/en\/wp-json\/wp\/v2\/comments?post=40513"}],"version-history":[{"count":0,"href":"https:\/\/www.bcu-lausanne.ch\/en\/wp-json\/wp\/v2\/posts\/40513\/revisions"}],"wp:featuredmedia":[{"embeddable":true,"href":"https:\/\/www.bcu-lausanne.ch\/en\/wp-json\/wp\/v2\/media\/6508"}],"wp:attachment":[{"href":"https:\/\/www.bcu-lausanne.ch\/en\/wp-json\/wp\/v2\/media?parent=40513"}],"wp:term":[{"taxonomy":"category","embeddable":true,"href":"https:\/\/www.bcu-lausanne.ch\/en\/wp-json\/wp\/v2\/categories?post=40513"},{"taxonomy":"author","embeddable":true,"href":"https:\/\/www.bcu-lausanne.ch\/en\/wp-json\/wp\/v2\/coauthors?post=40513"}],"curies":[{"name":"wp","href":"https:\/\/api.w.org\/{rel}","templated":true}]}}