{"id":40464,"date":"2025-06-19T11:15:48","date_gmt":"2025-06-19T09:15:48","guid":{"rendered":"https:\/\/www.bcu-lausanne.ch\/2020-us-presidential-election\/"},"modified":"2025-06-19T11:15:49","modified_gmt":"2025-06-19T09:15:49","slug":"2020-us-presidential-election","status":"publish","type":"post","link":"https:\/\/www.bcu-lausanne.ch\/en\/en-ce-moment-en\/2020-us-presidential-election\/","title":{"rendered":"2020 US presidential election"},"content":{"rendered":"\n<p>On November 3, the 59th U.S. presidential election will be held. Every election eve is a special moment, reflecting events since the previous election and the mood of a population. The United States is about to play out a political seesaw that is more uncertain than ever.  <\/p>\n\n<p>Against a backdrop of political, economic, social and health crises, the massive mobilization of the electorate could tip the balance in a country where around a third of citizens are not registered to vote. The challenges facing the two major parties are numerous, but above all they must convince their electoral base to take part in the ballot and attract voters with no political affiliation to vote for their candidate. The latter are particularly targeted by online media campaigns, especially if they come from pivotal states that could swing the final outcome.  <\/p>\n\n<p>The question of voter age also comes into play. In 2016, senior citizens over the age of 64 turned out to vote at a rate of around 70%. By comparison, turnout among 18-34 year-olds was 48%, but recent events predict a significant increase in the mobilization of young Americans at the ballot box. The management of the pandemic, which wreaked havoc among the elderly, 25% of whom were already living in precarious conditions, has brought the issue of access to healthcare for the poorest back into the campaign rhetoric of the candidates.     <\/p>\n\n<p>The participation of African-Americans will also be scrutinized. Hilary Clinton&#8217;s predominantly Democratic candidacy mobilized the black American community less than in previous presidential elections. The context of racial tensions could, however, accentuate their involvement in the electoral process.  <\/p>\n\n<p>Beyond numbers and statistics, symbols are great catalysts for change. On the centenary of American women&#8217;s right to vote, 2020 will see the nomination of Kamala Harris, the first black woman to run as a candidate&#8217;s running mate. She had paved the way a few years earlier with her election to the post of Attorney General of California and to the US Senate.  <\/p>\n\n<p>The parties involved intend to make history \u201conce again\u201d.<\/p>\n\n<h2 class=\"wp-block-heading\" id=\"h-bibliographie-sur-renouvaud\"><strong>Bibliography on Renouvaud<\/strong><\/h2>\n\n<p><br\/>The BCUL holds many documents on the political history of the United States. Here is a<a href=\"https:\/\/renouvaud1.primo.exlibrisgroup.com\/discovery\/collectionDiscovery?vid=41BCULAUSA_LIB:VU2&amp;inst=41BCULAUSA_LIB&amp;collectionId=81410577390002852\" target=\"_blank\" rel=\"noreferrer noopener\">selection of<\/a> related documents, including some recently published titles: <\/p>\n\n<ul class=\"wp-block-list\"><li><a href=\"https:\/\/renouvaud1.primo.exlibrisgroup.com\/permalink\/41BCULAUSA_LIB\/1766fn9\/alma991021383087602852\" target=\"_blank\" rel=\"noreferrer noopener\"><strong><em>Being<\/em><\/strong> <strong><em>American today: the stakes of a presidential election<\/em><\/strong><\/a>by Didier Combeau, 2020. The most recent of the selection. This book offers an overview of domestic politics in the United States, analyzing seven themes that are both hotly debated and at stake in the upcoming elections, including immigration, discrimination, abortion, violence and the environment. The author uses numerous historical references to help decipher the contours of current American identity.   <\/li><\/ul>\n\n<ul class=\"wp-block-list\"><li><strong><em><a href=\"https:\/\/renouvaud1.primo.exlibrisgroup.com\/permalink\/41BCULAUSA_LIB\/1766fn9\/alma991014143129702852\" target=\"_blank\" rel=\"noreferrer noopener\">American Presidents: from Washington to Obama<\/a><\/em><\/strong>by Andr\u00e9 Kaspi and H\u00e9l\u00e8ne Harter, 2012. This study lists the presidents who, over 225 years, have marked the history of the United States, describing the evolution of the presidential office, political processes and presidential election campaigns. It traces the path from an America of less than 4 million inhabitants in 1776 to the superpower we know today.  <br\/><br\/><\/li><li><a href=\"https:\/\/renouvaud1.primo.exlibrisgroup.com\/permalink\/41BCULAUSA_LIB\/1766fn9\/alma991002724939702852\" target=\"_blank\" rel=\"noreferrer noopener\"><strong><em>Hacking<\/em><\/strong> <strong><em>the Electorate: how Campaigns Perceive Voters<\/em><\/strong><\/a>edited by Eitan D. Hersh, 2015. Adapting to different audiences, raising issues, capturing expectations and convincing voters used to rely on the intuition of politicians and campaign teams. With the advent of new technologies, electoral strategies have taken on a more systematic and predictive bent, relying on Big data to target voter preferences and profiles. This book analyzes the methodological evolution that has become an integral part of the American political landscape, as well as the new communication tools whose impact is reshaping election campaigns.   <br\/><br\/><\/li><li><strong><em><a href=\"https:\/\/renouvaud1.primo.exlibrisgroup.com\/permalink\/41BCULAUSA_LIB\/1766fn9\/alma991012922639702852\" target=\"_blank\" rel=\"noreferrer noopener\">History of American Presidential Elections: 1789-2008<\/a><\/em><\/strong>by Gil Troy, Arthur M. Schlesinger Jr, Fred L. Isra\u00ebl, 2012. This 3-volume introductory work offers a comprehensive overview of presidential election campaigns, conventions and candidates since George Washington. It includes state-by-state voting results, electoral maps and statistical data covering every presidential election in U.S. history.<\/li><\/ul>\n\n<ul class=\"wp-block-list\"><li><strong><em><a href=\"https:\/\/renouvaud1.primo.exlibrisgroup.com\/permalink\/41BCULAUSA_LIB\/1766fn9\/alma991021361685302852\" target=\"_blank\" rel=\"noreferrer noopener\">Generation Ocasio Cortez: the new American activists<\/a><\/em><\/strong>by Mathieu Magnaudeix, 2020. Also released this year, this book tells the story of young American adults in their twenties and thirties, like Alexandra Ocasio Cortez, born into a period of permanent crisis. Both heirs to the social advances won by previous generations, they are confronted with the upheavals their country has undergone over the last twenty years. Sometimes disillusioned, but always committed, they claim to be left-wing and are shaking up the traditional Democratic Party, determined to reinvent methods of collective action far removed from the cult of the charismatic leader.   <br\/><br\/><\/li><li><strong><em><a href=\"https:\/\/renouvaud1.primo.exlibrisgroup.com\/permalink\/41BCULAUSA_LIB\/1766fn9\/alma991021226097402852\" target=\"_blank\" rel=\"noreferrer noopener\">Pivotal Tuesdays: Four Elections That Shaped the Twentieth Century<\/a><\/em><\/strong>O&#8217;Mara Margaret, 2017. A study of four 20th-century presidential elections at key moments in American history: the arrival of industrial capitalism, the hope of Franklin Roosevelt&#8217;s \u201cNew Deal\u201d, the civil rights struggles of the 1960s and the arrival of the \u201cNew Democrats\u201d represented by Bill Clinton. The author examines the reasons that led the candidates to victory or defeat, and analyzes the effects of the campaigns on the years of presidency that followed.  <\/li><\/ul>\n","protected":false},"excerpt":{"rendered":"<p>On November 3, the 59th U.S. presidential election will be held. Every election eve is a special moment, reflecting events since the previous election and the mood of a population. The United States is about to play out a political seesaw that is more uncertain than ever. Against a backdrop of political, economic, social and [&hellip;]<\/p>\n","protected":false},"author":65,"featured_media":18387,"comment_status":"open","ping_status":"open","sticky":false,"template":"","format":"standard","meta":{"_acf_changed":false,"_oasis_is_in_workflow":0,"_oasis_original":0,"_oasis_task_priority":"","footnotes":""},"categories":[1278,1279],"coauthors":[661],"class_list":["post-40464","post","type-post","status-publish","format-standard","has-post-thumbnail","hentry","category-en-ce-moment-en","category-selections-en"],"acf":[],"yoast_head":"<!-- This site is optimized with the Yoast SEO plugin v27.0 - https:\/\/yoast.com\/product\/yoast-seo-wordpress\/ -->\n<title>2020 US presidential election - BCUL<\/title>\n<meta name=\"robots\" content=\"index, follow, max-snippet:-1, max-image-preview:large, max-video-preview:-1\" \/>\n<link rel=\"canonical\" href=\"https:\/\/www.bcu-lausanne.ch\/en\/en-ce-moment-en\/2020-us-presidential-election\/\" \/>\n<meta property=\"og:locale\" content=\"en_US\" \/>\n<meta property=\"og:type\" content=\"article\" \/>\n<meta property=\"og:title\" content=\"2020 US presidential election - BCUL\" \/>\n<meta property=\"og:description\" content=\"On November 3, the 59th U.S. presidential election will be held. Every election eve is a special moment, reflecting events since the previous election and the mood of a population. The United States is about to play out a political seesaw that is more uncertain than ever. Against a backdrop of political, economic, social and [&hellip;]\" \/>\n<meta property=\"og:url\" content=\"https:\/\/www.bcu-lausanne.ch\/en\/en-ce-moment-en\/2020-us-presidential-election\/\" \/>\n<meta property=\"og:site_name\" content=\"BCUL\" \/>\n<meta property=\"article:publisher\" content=\"https:\/\/www.facebook.com\/BCULausanne\" \/>\n<meta property=\"article:published_time\" content=\"2025-06-19T09:15:48+00:00\" \/>\n<meta property=\"article:modified_time\" content=\"2025-06-19T09:15:49+00:00\" \/>\n<meta property=\"og:image\" content=\"https:\/\/www.bcu-lausanne.ch\/wp-content\/uploads\/2020\/10\/american_vote.jpg\" \/>\n\t<meta property=\"og:image:width\" content=\"750\" \/>\n\t<meta property=\"og:image:height\" content=\"501\" \/>\n\t<meta property=\"og:image:type\" content=\"image\/jpeg\" \/>\n<meta name=\"author\" content=\"Sylvia Biro\" \/>\n<meta name=\"twitter:card\" content=\"summary_large_image\" \/>\n<meta name=\"twitter:creator\" content=\"@BCULausanne\" \/>\n<meta name=\"twitter:site\" content=\"@BCULausanne\" \/>\n<meta name=\"twitter:label1\" content=\"Written by\" \/>\n\t<meta name=\"twitter:data1\" content=\"Sylvia Biro\" \/>\n\t<meta name=\"twitter:label2\" content=\"Est. reading time\" \/>\n\t<meta name=\"twitter:data2\" content=\"4 minutes\" \/>\n<script type=\"application\/ld+json\" class=\"yoast-schema-graph\">{\"@context\":\"https:\/\/schema.org\",\"@graph\":[{\"@type\":\"Article\",\"@id\":\"https:\/\/www.bcu-lausanne.ch\/en\/en-ce-moment-en\/2020-us-presidential-election\/#article\",\"isPartOf\":{\"@id\":\"https:\/\/www.bcu-lausanne.ch\/en\/en-ce-moment-en\/2020-us-presidential-election\/\"},\"author\":{\"name\":\"Sylvia Biro\",\"@id\":\"https:\/\/www.bcu-lausanne.ch\/#\/schema\/person\/4c59ebdb25f26be04f8f92b56d0598fa\"},\"headline\":\"2020 US presidential election\",\"datePublished\":\"2025-06-19T09:15:48+00:00\",\"dateModified\":\"2025-06-19T09:15:49+00:00\",\"mainEntityOfPage\":{\"@id\":\"https:\/\/www.bcu-lausanne.ch\/en\/en-ce-moment-en\/2020-us-presidential-election\/\"},\"wordCount\":823,\"commentCount\":0,\"publisher\":{\"@id\":\"https:\/\/www.bcu-lausanne.ch\/#organization\"},\"image\":{\"@id\":\"https:\/\/www.bcu-lausanne.ch\/en\/en-ce-moment-en\/2020-us-presidential-election\/#primaryimage\"},\"thumbnailUrl\":\"https:\/\/www.bcu-lausanne.ch\/wp-content\/uploads\/2020\/10\/american_vote.jpg\",\"articleSection\":[\"En ce moment\",\"S\u00e9lections\"],\"inLanguage\":\"en-US\",\"potentialAction\":[{\"@type\":\"CommentAction\",\"name\":\"Comment\",\"target\":[\"https:\/\/www.bcu-lausanne.ch\/en\/en-ce-moment-en\/2020-us-presidential-election\/#respond\"]}]},{\"@type\":\"WebPage\",\"@id\":\"https:\/\/www.bcu-lausanne.ch\/en\/en-ce-moment-en\/2020-us-presidential-election\/\",\"url\":\"https:\/\/www.bcu-lausanne.ch\/en\/en-ce-moment-en\/2020-us-presidential-election\/\",\"name\":\"2020 US presidential election - BCUL\",\"isPartOf\":{\"@id\":\"https:\/\/www.bcu-lausanne.ch\/#website\"},\"primaryImageOfPage\":{\"@id\":\"https:\/\/www.bcu-lausanne.ch\/en\/en-ce-moment-en\/2020-us-presidential-election\/#primaryimage\"},\"image\":{\"@id\":\"https:\/\/www.bcu-lausanne.ch\/en\/en-ce-moment-en\/2020-us-presidential-election\/#primaryimage\"},\"thumbnailUrl\":\"https:\/\/www.bcu-lausanne.ch\/wp-content\/uploads\/2020\/10\/american_vote.jpg\",\"datePublished\":\"2025-06-19T09:15:48+00:00\",\"dateModified\":\"2025-06-19T09:15:49+00:00\",\"breadcrumb\":{\"@id\":\"https:\/\/www.bcu-lausanne.ch\/en\/en-ce-moment-en\/2020-us-presidential-election\/#breadcrumb\"},\"inLanguage\":\"en-US\",\"potentialAction\":[{\"@type\":\"ReadAction\",\"target\":[\"https:\/\/www.bcu-lausanne.ch\/en\/en-ce-moment-en\/2020-us-presidential-election\/\"]}]},{\"@type\":\"ImageObject\",\"inLanguage\":\"en-US\",\"@id\":\"https:\/\/www.bcu-lausanne.ch\/en\/en-ce-moment-en\/2020-us-presidential-election\/#primaryimage\",\"url\":\"https:\/\/www.bcu-lausanne.ch\/wp-content\/uploads\/2020\/10\/american_vote.jpg\",\"contentUrl\":\"https:\/\/www.bcu-lausanne.ch\/wp-content\/uploads\/2020\/10\/american_vote.jpg\",\"width\":750,\"height\":501},{\"@type\":\"BreadcrumbList\",\"@id\":\"https:\/\/www.bcu-lausanne.ch\/en\/en-ce-moment-en\/2020-us-presidential-election\/#breadcrumb\",\"itemListElement\":[{\"@type\":\"ListItem\",\"position\":1,\"name\":\"Accueil\",\"item\":\"https:\/\/www.bcu-lausanne.ch\/en\/\"},{\"@type\":\"ListItem\",\"position\":2,\"name\":\"2020 US presidential election\"}]},{\"@type\":\"WebSite\",\"@id\":\"https:\/\/www.bcu-lausanne.ch\/#website\",\"url\":\"https:\/\/www.bcu-lausanne.ch\/\",\"name\":\"BCUL\",\"description\":\"Biblioth\u00e8que cantonale et universitaire - Lausanne\",\"publisher\":{\"@id\":\"https:\/\/www.bcu-lausanne.ch\/#organization\"},\"potentialAction\":[{\"@type\":\"SearchAction\",\"target\":{\"@type\":\"EntryPoint\",\"urlTemplate\":\"https:\/\/www.bcu-lausanne.ch\/?s={search_term_string}\"},\"query-input\":{\"@type\":\"PropertyValueSpecification\",\"valueRequired\":true,\"valueName\":\"search_term_string\"}}],\"inLanguage\":\"en-US\"},{\"@type\":\"Organization\",\"@id\":\"https:\/\/www.bcu-lausanne.ch\/#organization\",\"name\":\"BCU Lausanne\",\"url\":\"https:\/\/www.bcu-lausanne.ch\/\",\"logo\":{\"@type\":\"ImageObject\",\"inLanguage\":\"en-US\",\"@id\":\"https:\/\/www.bcu-lausanne.ch\/#\/schema\/logo\/image\/\",\"url\":\"https:\/\/www.bcu-lausanne.ch\/wp-content\/uploads\/2020\/05\/bcul-logo-rvb.png\",\"contentUrl\":\"https:\/\/www.bcu-lausanne.ch\/wp-content\/uploads\/2020\/05\/bcul-logo-rvb.png\",\"width\":1535,\"height\":1181,\"caption\":\"BCU Lausanne\"},\"image\":{\"@id\":\"https:\/\/www.bcu-lausanne.ch\/#\/schema\/logo\/image\/\"},\"sameAs\":[\"https:\/\/www.facebook.com\/BCULausanne\",\"https:\/\/x.com\/BCULausanne\",\"https:\/\/www.instagram.com\/bculausanne\/\",\"https:\/\/www.linkedin.com\/company\/bcu-lausanne\/\",\"https:\/\/www.youtube.com\/channel\/UCdk4ItiYuWBJBz6yZnOPaEw\"]},{\"@type\":\"Person\",\"@id\":\"https:\/\/www.bcu-lausanne.ch\/#\/schema\/person\/4c59ebdb25f26be04f8f92b56d0598fa\",\"name\":\"Sylvia Biro\",\"image\":{\"@type\":\"ImageObject\",\"inLanguage\":\"en-US\",\"@id\":\"https:\/\/www.bcu-lausanne.ch\/#\/schema\/person\/image\/42f0699af3a6036f25f5ac88f43ac245\",\"url\":\"https:\/\/secure.gravatar.com\/avatar\/ff5fa287a623f851d71f71f5d09a8e2c6b3e92d6b808dc52ba757dcb18ebdfd2?s=96&d=mm&r=g\",\"contentUrl\":\"https:\/\/secure.gravatar.com\/avatar\/ff5fa287a623f851d71f71f5d09a8e2c6b3e92d6b808dc52ba757dcb18ebdfd2?s=96&d=mm&r=g\",\"caption\":\"Sylvia Biro\"}}]}<\/script>\n<!-- \/ Yoast SEO plugin. -->","yoast_head_json":{"title":"2020 US presidential election - BCUL","robots":{"index":"index","follow":"follow","max-snippet":"max-snippet:-1","max-image-preview":"max-image-preview:large","max-video-preview":"max-video-preview:-1"},"canonical":"https:\/\/www.bcu-lausanne.ch\/en\/en-ce-moment-en\/2020-us-presidential-election\/","og_locale":"en_US","og_type":"article","og_title":"2020 US presidential election - BCUL","og_description":"On November 3, the 59th U.S. presidential election will be held. Every election eve is a special moment, reflecting events since the previous election and the mood of a population. The United States is about to play out a political seesaw that is more uncertain than ever. Against a backdrop of political, economic, social and [&hellip;]","og_url":"https:\/\/www.bcu-lausanne.ch\/en\/en-ce-moment-en\/2020-us-presidential-election\/","og_site_name":"BCUL","article_publisher":"https:\/\/www.facebook.com\/BCULausanne","article_published_time":"2025-06-19T09:15:48+00:00","article_modified_time":"2025-06-19T09:15:49+00:00","og_image":[{"width":750,"height":501,"url":"https:\/\/www.bcu-lausanne.ch\/wp-content\/uploads\/2020\/10\/american_vote.jpg","type":"image\/jpeg"}],"author":"Sylvia Biro","twitter_card":"summary_large_image","twitter_creator":"@BCULausanne","twitter_site":"@BCULausanne","twitter_misc":{"Written by":"Sylvia Biro","Est. reading time":"4 minutes"},"schema":{"@context":"https:\/\/schema.org","@graph":[{"@type":"Article","@id":"https:\/\/www.bcu-lausanne.ch\/en\/en-ce-moment-en\/2020-us-presidential-election\/#article","isPartOf":{"@id":"https:\/\/www.bcu-lausanne.ch\/en\/en-ce-moment-en\/2020-us-presidential-election\/"},"author":{"name":"Sylvia Biro","@id":"https:\/\/www.bcu-lausanne.ch\/#\/schema\/person\/4c59ebdb25f26be04f8f92b56d0598fa"},"headline":"2020 US presidential election","datePublished":"2025-06-19T09:15:48+00:00","dateModified":"2025-06-19T09:15:49+00:00","mainEntityOfPage":{"@id":"https:\/\/www.bcu-lausanne.ch\/en\/en-ce-moment-en\/2020-us-presidential-election\/"},"wordCount":823,"commentCount":0,"publisher":{"@id":"https:\/\/www.bcu-lausanne.ch\/#organization"},"image":{"@id":"https:\/\/www.bcu-lausanne.ch\/en\/en-ce-moment-en\/2020-us-presidential-election\/#primaryimage"},"thumbnailUrl":"https:\/\/www.bcu-lausanne.ch\/wp-content\/uploads\/2020\/10\/american_vote.jpg","articleSection":["En ce moment","S\u00e9lections"],"inLanguage":"en-US","potentialAction":[{"@type":"CommentAction","name":"Comment","target":["https:\/\/www.bcu-lausanne.ch\/en\/en-ce-moment-en\/2020-us-presidential-election\/#respond"]}]},{"@type":"WebPage","@id":"https:\/\/www.bcu-lausanne.ch\/en\/en-ce-moment-en\/2020-us-presidential-election\/","url":"https:\/\/www.bcu-lausanne.ch\/en\/en-ce-moment-en\/2020-us-presidential-election\/","name":"2020 US presidential election - BCUL","isPartOf":{"@id":"https:\/\/www.bcu-lausanne.ch\/#website"},"primaryImageOfPage":{"@id":"https:\/\/www.bcu-lausanne.ch\/en\/en-ce-moment-en\/2020-us-presidential-election\/#primaryimage"},"image":{"@id":"https:\/\/www.bcu-lausanne.ch\/en\/en-ce-moment-en\/2020-us-presidential-election\/#primaryimage"},"thumbnailUrl":"https:\/\/www.bcu-lausanne.ch\/wp-content\/uploads\/2020\/10\/american_vote.jpg","datePublished":"2025-06-19T09:15:48+00:00","dateModified":"2025-06-19T09:15:49+00:00","breadcrumb":{"@id":"https:\/\/www.bcu-lausanne.ch\/en\/en-ce-moment-en\/2020-us-presidential-election\/#breadcrumb"},"inLanguage":"en-US","potentialAction":[{"@type":"ReadAction","target":["https:\/\/www.bcu-lausanne.ch\/en\/en-ce-moment-en\/2020-us-presidential-election\/"]}]},{"@type":"ImageObject","inLanguage":"en-US","@id":"https:\/\/www.bcu-lausanne.ch\/en\/en-ce-moment-en\/2020-us-presidential-election\/#primaryimage","url":"https:\/\/www.bcu-lausanne.ch\/wp-content\/uploads\/2020\/10\/american_vote.jpg","contentUrl":"https:\/\/www.bcu-lausanne.ch\/wp-content\/uploads\/2020\/10\/american_vote.jpg","width":750,"height":501},{"@type":"BreadcrumbList","@id":"https:\/\/www.bcu-lausanne.ch\/en\/en-ce-moment-en\/2020-us-presidential-election\/#breadcrumb","itemListElement":[{"@type":"ListItem","position":1,"name":"Accueil","item":"https:\/\/www.bcu-lausanne.ch\/en\/"},{"@type":"ListItem","position":2,"name":"2020 US presidential election"}]},{"@type":"WebSite","@id":"https:\/\/www.bcu-lausanne.ch\/#website","url":"https:\/\/www.bcu-lausanne.ch\/","name":"BCUL","description":"Biblioth\u00e8que cantonale et universitaire - Lausanne","publisher":{"@id":"https:\/\/www.bcu-lausanne.ch\/#organization"},"potentialAction":[{"@type":"SearchAction","target":{"@type":"EntryPoint","urlTemplate":"https:\/\/www.bcu-lausanne.ch\/?s={search_term_string}"},"query-input":{"@type":"PropertyValueSpecification","valueRequired":true,"valueName":"search_term_string"}}],"inLanguage":"en-US"},{"@type":"Organization","@id":"https:\/\/www.bcu-lausanne.ch\/#organization","name":"BCU Lausanne","url":"https:\/\/www.bcu-lausanne.ch\/","logo":{"@type":"ImageObject","inLanguage":"en-US","@id":"https:\/\/www.bcu-lausanne.ch\/#\/schema\/logo\/image\/","url":"https:\/\/www.bcu-lausanne.ch\/wp-content\/uploads\/2020\/05\/bcul-logo-rvb.png","contentUrl":"https:\/\/www.bcu-lausanne.ch\/wp-content\/uploads\/2020\/05\/bcul-logo-rvb.png","width":1535,"height":1181,"caption":"BCU Lausanne"},"image":{"@id":"https:\/\/www.bcu-lausanne.ch\/#\/schema\/logo\/image\/"},"sameAs":["https:\/\/www.facebook.com\/BCULausanne","https:\/\/x.com\/BCULausanne","https:\/\/www.instagram.com\/bculausanne\/","https:\/\/www.linkedin.com\/company\/bcu-lausanne\/","https:\/\/www.youtube.com\/channel\/UCdk4ItiYuWBJBz6yZnOPaEw"]},{"@type":"Person","@id":"https:\/\/www.bcu-lausanne.ch\/#\/schema\/person\/4c59ebdb25f26be04f8f92b56d0598fa","name":"Sylvia Biro","image":{"@type":"ImageObject","inLanguage":"en-US","@id":"https:\/\/www.bcu-lausanne.ch\/#\/schema\/person\/image\/42f0699af3a6036f25f5ac88f43ac245","url":"https:\/\/secure.gravatar.com\/avatar\/ff5fa287a623f851d71f71f5d09a8e2c6b3e92d6b808dc52ba757dcb18ebdfd2?s=96&d=mm&r=g","contentUrl":"https:\/\/secure.gravatar.com\/avatar\/ff5fa287a623f851d71f71f5d09a8e2c6b3e92d6b808dc52ba757dcb18ebdfd2?s=96&d=mm&r=g","caption":"Sylvia Biro"}}]}},"_links":{"self":[{"href":"https:\/\/www.bcu-lausanne.ch\/en\/wp-json\/wp\/v2\/posts\/40464","targetHints":{"allow":["GET"]}}],"collection":[{"href":"https:\/\/www.bcu-lausanne.ch\/en\/wp-json\/wp\/v2\/posts"}],"about":[{"href":"https:\/\/www.bcu-lausanne.ch\/en\/wp-json\/wp\/v2\/types\/post"}],"author":[{"embeddable":true,"href":"https:\/\/www.bcu-lausanne.ch\/en\/wp-json\/wp\/v2\/users\/65"}],"replies":[{"embeddable":true,"href":"https:\/\/www.bcu-lausanne.ch\/en\/wp-json\/wp\/v2\/comments?post=40464"}],"version-history":[{"count":1,"href":"https:\/\/www.bcu-lausanne.ch\/en\/wp-json\/wp\/v2\/posts\/40464\/revisions"}],"predecessor-version":[{"id":40467,"href":"https:\/\/www.bcu-lausanne.ch\/en\/wp-json\/wp\/v2\/posts\/40464\/revisions\/40467"}],"wp:featuredmedia":[{"embeddable":true,"href":"https:\/\/www.bcu-lausanne.ch\/en\/wp-json\/wp\/v2\/media\/18387"}],"wp:attachment":[{"href":"https:\/\/www.bcu-lausanne.ch\/en\/wp-json\/wp\/v2\/media?parent=40464"}],"wp:term":[{"taxonomy":"category","embeddable":true,"href":"https:\/\/www.bcu-lausanne.ch\/en\/wp-json\/wp\/v2\/categories?post=40464"},{"taxonomy":"author","embeddable":true,"href":"https:\/\/www.bcu-lausanne.ch\/en\/wp-json\/wp\/v2\/coauthors?post=40464"}],"curies":[{"name":"wp","href":"https:\/\/api.w.org\/{rel}","templated":true}]}}