{"id":40444,"date":"2025-06-19T11:15:39","date_gmt":"2025-06-19T09:15:39","guid":{"rendered":"https:\/\/www.bcu-lausanne.ch\/1959-a-conservative-year\/"},"modified":"2025-06-19T11:15:40","modified_gmt":"2025-06-19T09:15:40","slug":"1959-a-conservative-year","status":"publish","type":"post","link":"https:\/\/www.bcu-lausanne.ch\/en\/en-ce-moment-en\/1959-a-conservative-year\/","title":{"rendered":"1959: a conservative year"},"content":{"rendered":"\n<p>Fifty years ago, in 1971, Swiss women gained the right to vote and stand for election at federal level. The same issue, put out to consultation a few years earlier in 1959, was rejected by 66.9% and accepted by just three cantons. While women&#8217;s suffrage was achieved in most European countries at the same time, Switzerland was the exception.  <\/p>\n\n<p>Also in 1959, the 2nd edition of a book written by the Federal Military Department was published, entitled <em>Le livre du soldat: sois vigilant et fort: ton pays sera libre!<\/em> With a print run of 940,000 copies, it was distributed to the troops from 1958 to 1974. In addition to chapters on general knowledge of Switzerland and military instruction, there are 4 pages devoted to \u201cthe role of women in the country\u201d. <\/p>\n\n<p>Social conservatism is an ideology. It defines the family and determines gender roles. In this text, an entire generation of young recruits has been offered a particularly traditional societal model as an educational reference. The issue of equal rights education is particularly important when addressed by public bodies.   <\/p>\n\n<p><em>&#8220;The woman is first and foremost the guardian of the home.<br\/>The man is at the factory, in the fields, in the workshop, in the office; he travels; he is absorbed by professional, political, social and military life; he is devoted to sport; he is enrolled in ten or twenty societies; he owes it to his friends and acquaintances&#8230;<br\/>The woman, vigilant, is at home. [&#8230;] Although she does not yet have the right to vote, she takes an interest in public affairs, because no one knows better than she the practical difficulties of running a household, and she is well aware that running a state is no different from running a large household. [&#8230;] While hundreds of thousands of men guarded the frontiers during the last world war, women took over with kindness, courage and, if need be, heroism. [&#8230;] Yet it is still in the home that women serve their country best. There, she is indispensable, irreplaceable. [&#8230;] No, women are not equal to men. This        <\/em><em> The crude<\/em> equality<em> [sic] claimed by certain demagogues would be to the disadvantage of women. Men and women are not equal, but complementary. [&#8230;] And it is in the home that she can best blossom, because it is there, in normal times, that she can at once exercise the virtues of her soul, the impulses of her heart and the graces of her mind.&#8221;<a href=\"#_ftn1\"><strong>[1]<\/strong><\/a><\/em><\/p>\n\n<p>It&#8217;s not 1959 or 1971, but the debate on equality is still going on!<\/p>\n\n<hr class=\"wp-block-separator\"\/>\n\n<p>[<a href=\"#_ftnref1\">1]<\/a> <em><a href=\"https:\/\/renouvaud1.primo.exlibrisgroup.com\/discovery\/fulldisplay?context=L&amp;vid=41BCULAUSA_LIB:VU2&amp;search_scope=Physical_resources&amp;tab=Physical_resources&amp;docid=alma991013912369702852\" target=\"_blank\" rel=\"noreferrer noopener\">Le livre du soldat : sois vigilant et fort ; ton pays sera libre ! <\/a><\/em>[publ. by the Groupement de l&#8217;instruction par ordre du D\u00e9partement militaire f\u00e9d\u00e9ral] ; [dir. and presentation: Richard Merz, Albert Bachmann] ; [principaux r\u00e9d.: Maurice Zermatten &#8230; et al.], Berne : Office central des imprim\u00e9s et du mat\u00e9riel, 1959, pp. 58-61.<\/p>\n\n<hr class=\"wp-block-separator\"\/>\n\n<p><\/p>\n","protected":false},"excerpt":{"rendered":"<p>Fifty years ago, in 1971, Swiss women gained the right to vote and stand for election at federal level. The same issue, put out to consultation a few years earlier in 1959, was rejected by 66.9% and accepted by just three cantons. While women&#8217;s suffrage was achieved in most European countries at the same time, [&hellip;]<\/p>\n","protected":false},"author":65,"featured_media":40445,"comment_status":"open","ping_status":"open","sticky":false,"template":"","format":"standard","meta":{"_acf_changed":false,"_oasis_is_in_workflow":0,"_oasis_original":0,"_oasis_task_priority":"","footnotes":""},"categories":[1278,1343],"coauthors":[661],"class_list":["post-40444","post","type-post","status-publish","format-standard","has-post-thumbnail","hentry","category-en-ce-moment-en","category-our-collections"],"acf":[],"yoast_head":"<!-- This site is optimized with the Yoast SEO plugin v27.5 - https:\/\/yoast.com\/product\/yoast-seo-wordpress\/ -->\n<title>1959: a conservative year - BCUL<\/title>\n<meta name=\"robots\" content=\"index, follow, max-snippet:-1, max-image-preview:large, max-video-preview:-1\" \/>\n<link rel=\"canonical\" href=\"https:\/\/www.bcu-lausanne.ch\/en\/en-ce-moment-en\/1959-a-conservative-year\/\" \/>\n<meta property=\"og:locale\" content=\"en_US\" \/>\n<meta property=\"og:type\" content=\"article\" \/>\n<meta property=\"og:title\" content=\"1959: a conservative year - BCUL\" \/>\n<meta property=\"og:description\" content=\"Fifty years ago, in 1971, Swiss women gained the right to vote and stand for election at federal level. The same issue, put out to consultation a few years earlier in 1959, was rejected by 66.9% and accepted by just three cantons. While women&#8217;s suffrage was achieved in most European countries at the same time, [&hellip;]\" \/>\n<meta property=\"og:url\" content=\"https:\/\/www.bcu-lausanne.ch\/en\/en-ce-moment-en\/1959-a-conservative-year\/\" \/>\n<meta property=\"og:site_name\" content=\"BCUL\" \/>\n<meta property=\"article:publisher\" content=\"https:\/\/www.facebook.com\/BCULausanne\" \/>\n<meta property=\"article:published_time\" content=\"2025-06-19T09:15:39+00:00\" \/>\n<meta property=\"article:modified_time\" content=\"2025-06-19T09:15:40+00:00\" \/>\n<meta property=\"og:image\" content=\"https:\/\/www.bcu-lausanne.ch\/wp-content\/uploads\/2021\/01\/01145.jpeg\" \/>\n\t<meta property=\"og:image:width\" content=\"620\" \/>\n\t<meta property=\"og:image:height\" content=\"356\" \/>\n\t<meta property=\"og:image:type\" content=\"image\/jpeg\" \/>\n<meta name=\"author\" content=\"Sylvia Biro\" \/>\n<meta name=\"twitter:card\" content=\"summary_large_image\" \/>\n<meta name=\"twitter:creator\" content=\"@BCULausanne\" \/>\n<meta name=\"twitter:site\" content=\"@BCULausanne\" \/>\n<meta name=\"twitter:label1\" content=\"Written by\" \/>\n\t<meta name=\"twitter:data1\" content=\"Sylvia Biro\" \/>\n\t<meta name=\"twitter:label2\" content=\"Est. reading time\" \/>\n\t<meta name=\"twitter:data2\" content=\"2 minutes\" \/>\n<script type=\"application\/ld+json\" class=\"yoast-schema-graph\">{\"@context\":\"https:\\\/\\\/schema.org\",\"@graph\":[{\"@type\":\"Article\",\"@id\":\"https:\\\/\\\/www.bcu-lausanne.ch\\\/en\\\/en-ce-moment-en\\\/1959-a-conservative-year\\\/#article\",\"isPartOf\":{\"@id\":\"https:\\\/\\\/www.bcu-lausanne.ch\\\/en\\\/en-ce-moment-en\\\/1959-a-conservative-year\\\/\"},\"author\":{\"name\":\"Sylvia Biro\",\"@id\":\"https:\\\/\\\/www.bcu-lausanne.ch\\\/#\\\/schema\\\/person\\\/4c59ebdb25f26be04f8f92b56d0598fa\"},\"headline\":\"1959: a conservative year\",\"datePublished\":\"2025-06-19T09:15:39+00:00\",\"dateModified\":\"2025-06-19T09:15:40+00:00\",\"mainEntityOfPage\":{\"@id\":\"https:\\\/\\\/www.bcu-lausanne.ch\\\/en\\\/en-ce-moment-en\\\/1959-a-conservative-year\\\/\"},\"wordCount\":469,\"commentCount\":0,\"publisher\":{\"@id\":\"https:\\\/\\\/www.bcu-lausanne.ch\\\/#organization\"},\"image\":{\"@id\":\"https:\\\/\\\/www.bcu-lausanne.ch\\\/en\\\/en-ce-moment-en\\\/1959-a-conservative-year\\\/#primaryimage\"},\"thumbnailUrl\":\"https:\\\/\\\/www.bcu-lausanne.ch\\\/wp-content\\\/uploads\\\/2021\\\/01\\\/01145.jpeg\",\"articleSection\":[\"En ce moment\",\"Our collections\"],\"inLanguage\":\"en-US\",\"potentialAction\":[{\"@type\":\"CommentAction\",\"name\":\"Comment\",\"target\":[\"https:\\\/\\\/www.bcu-lausanne.ch\\\/en\\\/en-ce-moment-en\\\/1959-a-conservative-year\\\/#respond\"]}]},{\"@type\":\"WebPage\",\"@id\":\"https:\\\/\\\/www.bcu-lausanne.ch\\\/en\\\/en-ce-moment-en\\\/1959-a-conservative-year\\\/\",\"url\":\"https:\\\/\\\/www.bcu-lausanne.ch\\\/en\\\/en-ce-moment-en\\\/1959-a-conservative-year\\\/\",\"name\":\"1959: a conservative year - BCUL\",\"isPartOf\":{\"@id\":\"https:\\\/\\\/www.bcu-lausanne.ch\\\/#website\"},\"primaryImageOfPage\":{\"@id\":\"https:\\\/\\\/www.bcu-lausanne.ch\\\/en\\\/en-ce-moment-en\\\/1959-a-conservative-year\\\/#primaryimage\"},\"image\":{\"@id\":\"https:\\\/\\\/www.bcu-lausanne.ch\\\/en\\\/en-ce-moment-en\\\/1959-a-conservative-year\\\/#primaryimage\"},\"thumbnailUrl\":\"https:\\\/\\\/www.bcu-lausanne.ch\\\/wp-content\\\/uploads\\\/2021\\\/01\\\/01145.jpeg\",\"datePublished\":\"2025-06-19T09:15:39+00:00\",\"dateModified\":\"2025-06-19T09:15:40+00:00\",\"breadcrumb\":{\"@id\":\"https:\\\/\\\/www.bcu-lausanne.ch\\\/en\\\/en-ce-moment-en\\\/1959-a-conservative-year\\\/#breadcrumb\"},\"inLanguage\":\"en-US\",\"potentialAction\":[{\"@type\":\"ReadAction\",\"target\":[\"https:\\\/\\\/www.bcu-lausanne.ch\\\/en\\\/en-ce-moment-en\\\/1959-a-conservative-year\\\/\"]}]},{\"@type\":\"ImageObject\",\"inLanguage\":\"en-US\",\"@id\":\"https:\\\/\\\/www.bcu-lausanne.ch\\\/en\\\/en-ce-moment-en\\\/1959-a-conservative-year\\\/#primaryimage\",\"url\":\"https:\\\/\\\/www.bcu-lausanne.ch\\\/wp-content\\\/uploads\\\/2021\\\/01\\\/01145.jpeg\",\"contentUrl\":\"https:\\\/\\\/www.bcu-lausanne.ch\\\/wp-content\\\/uploads\\\/2021\\\/01\\\/01145.jpeg\",\"width\":620,\"height\":356},{\"@type\":\"BreadcrumbList\",\"@id\":\"https:\\\/\\\/www.bcu-lausanne.ch\\\/en\\\/en-ce-moment-en\\\/1959-a-conservative-year\\\/#breadcrumb\",\"itemListElement\":[{\"@type\":\"ListItem\",\"position\":1,\"name\":\"Accueil\",\"item\":\"https:\\\/\\\/www.bcu-lausanne.ch\\\/en\\\/\"},{\"@type\":\"ListItem\",\"position\":2,\"name\":\"1959: a conservative year\"}]},{\"@type\":\"WebSite\",\"@id\":\"https:\\\/\\\/www.bcu-lausanne.ch\\\/#website\",\"url\":\"https:\\\/\\\/www.bcu-lausanne.ch\\\/\",\"name\":\"BCUL\",\"description\":\"Biblioth\u00e8que cantonale et universitaire - Lausanne\",\"publisher\":{\"@id\":\"https:\\\/\\\/www.bcu-lausanne.ch\\\/#organization\"},\"potentialAction\":[{\"@type\":\"SearchAction\",\"target\":{\"@type\":\"EntryPoint\",\"urlTemplate\":\"https:\\\/\\\/www.bcu-lausanne.ch\\\/?s={search_term_string}\"},\"query-input\":{\"@type\":\"PropertyValueSpecification\",\"valueRequired\":true,\"valueName\":\"search_term_string\"}}],\"inLanguage\":\"en-US\"},{\"@type\":\"Organization\",\"@id\":\"https:\\\/\\\/www.bcu-lausanne.ch\\\/#organization\",\"name\":\"BCU Lausanne\",\"url\":\"https:\\\/\\\/www.bcu-lausanne.ch\\\/\",\"logo\":{\"@type\":\"ImageObject\",\"inLanguage\":\"en-US\",\"@id\":\"https:\\\/\\\/www.bcu-lausanne.ch\\\/#\\\/schema\\\/logo\\\/image\\\/\",\"url\":\"https:\\\/\\\/www.bcu-lausanne.ch\\\/wp-content\\\/uploads\\\/2020\\\/05\\\/bcul-logo-rvb.png\",\"contentUrl\":\"https:\\\/\\\/www.bcu-lausanne.ch\\\/wp-content\\\/uploads\\\/2020\\\/05\\\/bcul-logo-rvb.png\",\"width\":1535,\"height\":1181,\"caption\":\"BCU Lausanne\"},\"image\":{\"@id\":\"https:\\\/\\\/www.bcu-lausanne.ch\\\/#\\\/schema\\\/logo\\\/image\\\/\"},\"sameAs\":[\"https:\\\/\\\/www.facebook.com\\\/BCULausanne\",\"https:\\\/\\\/x.com\\\/BCULausanne\",\"https:\\\/\\\/www.instagram.com\\\/bculausanne\\\/\",\"https:\\\/\\\/www.linkedin.com\\\/company\\\/bcu-lausanne\\\/\",\"https:\\\/\\\/www.youtube.com\\\/channel\\\/UCdk4ItiYuWBJBz6yZnOPaEw\"]},{\"@type\":\"Person\",\"@id\":\"https:\\\/\\\/www.bcu-lausanne.ch\\\/#\\\/schema\\\/person\\\/4c59ebdb25f26be04f8f92b56d0598fa\",\"name\":\"Sylvia Biro\",\"image\":{\"@type\":\"ImageObject\",\"inLanguage\":\"en-US\",\"@id\":\"https:\\\/\\\/secure.gravatar.com\\\/avatar\\\/ff5fa287a623f851d71f71f5d09a8e2c6b3e92d6b808dc52ba757dcb18ebdfd2?s=96&d=mm&r=g42f0699af3a6036f25f5ac88f43ac245\",\"url\":\"https:\\\/\\\/secure.gravatar.com\\\/avatar\\\/ff5fa287a623f851d71f71f5d09a8e2c6b3e92d6b808dc52ba757dcb18ebdfd2?s=96&d=mm&r=g\",\"contentUrl\":\"https:\\\/\\\/secure.gravatar.com\\\/avatar\\\/ff5fa287a623f851d71f71f5d09a8e2c6b3e92d6b808dc52ba757dcb18ebdfd2?s=96&d=mm&r=g\",\"caption\":\"Sylvia Biro\"}}]}<\/script>\n<!-- \/ Yoast SEO plugin. -->","yoast_head_json":{"title":"1959: a conservative year - BCUL","robots":{"index":"index","follow":"follow","max-snippet":"max-snippet:-1","max-image-preview":"max-image-preview:large","max-video-preview":"max-video-preview:-1"},"canonical":"https:\/\/www.bcu-lausanne.ch\/en\/en-ce-moment-en\/1959-a-conservative-year\/","og_locale":"en_US","og_type":"article","og_title":"1959: a conservative year - BCUL","og_description":"Fifty years ago, in 1971, Swiss women gained the right to vote and stand for election at federal level. The same issue, put out to consultation a few years earlier in 1959, was rejected by 66.9% and accepted by just three cantons. While women&#8217;s suffrage was achieved in most European countries at the same time, [&hellip;]","og_url":"https:\/\/www.bcu-lausanne.ch\/en\/en-ce-moment-en\/1959-a-conservative-year\/","og_site_name":"BCUL","article_publisher":"https:\/\/www.facebook.com\/BCULausanne","article_published_time":"2025-06-19T09:15:39+00:00","article_modified_time":"2025-06-19T09:15:40+00:00","og_image":[{"width":620,"height":356,"url":"https:\/\/www.bcu-lausanne.ch\/wp-content\/uploads\/2021\/01\/01145.jpeg","type":"image\/jpeg"}],"author":"Sylvia Biro","twitter_card":"summary_large_image","twitter_creator":"@BCULausanne","twitter_site":"@BCULausanne","twitter_misc":{"Written by":"Sylvia Biro","Est. reading time":"2 minutes"},"schema":{"@context":"https:\/\/schema.org","@graph":[{"@type":"Article","@id":"https:\/\/www.bcu-lausanne.ch\/en\/en-ce-moment-en\/1959-a-conservative-year\/#article","isPartOf":{"@id":"https:\/\/www.bcu-lausanne.ch\/en\/en-ce-moment-en\/1959-a-conservative-year\/"},"author":{"name":"Sylvia Biro","@id":"https:\/\/www.bcu-lausanne.ch\/#\/schema\/person\/4c59ebdb25f26be04f8f92b56d0598fa"},"headline":"1959: a conservative year","datePublished":"2025-06-19T09:15:39+00:00","dateModified":"2025-06-19T09:15:40+00:00","mainEntityOfPage":{"@id":"https:\/\/www.bcu-lausanne.ch\/en\/en-ce-moment-en\/1959-a-conservative-year\/"},"wordCount":469,"commentCount":0,"publisher":{"@id":"https:\/\/www.bcu-lausanne.ch\/#organization"},"image":{"@id":"https:\/\/www.bcu-lausanne.ch\/en\/en-ce-moment-en\/1959-a-conservative-year\/#primaryimage"},"thumbnailUrl":"https:\/\/www.bcu-lausanne.ch\/wp-content\/uploads\/2021\/01\/01145.jpeg","articleSection":["En ce moment","Our collections"],"inLanguage":"en-US","potentialAction":[{"@type":"CommentAction","name":"Comment","target":["https:\/\/www.bcu-lausanne.ch\/en\/en-ce-moment-en\/1959-a-conservative-year\/#respond"]}]},{"@type":"WebPage","@id":"https:\/\/www.bcu-lausanne.ch\/en\/en-ce-moment-en\/1959-a-conservative-year\/","url":"https:\/\/www.bcu-lausanne.ch\/en\/en-ce-moment-en\/1959-a-conservative-year\/","name":"1959: a conservative year - BCUL","isPartOf":{"@id":"https:\/\/www.bcu-lausanne.ch\/#website"},"primaryImageOfPage":{"@id":"https:\/\/www.bcu-lausanne.ch\/en\/en-ce-moment-en\/1959-a-conservative-year\/#primaryimage"},"image":{"@id":"https:\/\/www.bcu-lausanne.ch\/en\/en-ce-moment-en\/1959-a-conservative-year\/#primaryimage"},"thumbnailUrl":"https:\/\/www.bcu-lausanne.ch\/wp-content\/uploads\/2021\/01\/01145.jpeg","datePublished":"2025-06-19T09:15:39+00:00","dateModified":"2025-06-19T09:15:40+00:00","breadcrumb":{"@id":"https:\/\/www.bcu-lausanne.ch\/en\/en-ce-moment-en\/1959-a-conservative-year\/#breadcrumb"},"inLanguage":"en-US","potentialAction":[{"@type":"ReadAction","target":["https:\/\/www.bcu-lausanne.ch\/en\/en-ce-moment-en\/1959-a-conservative-year\/"]}]},{"@type":"ImageObject","inLanguage":"en-US","@id":"https:\/\/www.bcu-lausanne.ch\/en\/en-ce-moment-en\/1959-a-conservative-year\/#primaryimage","url":"https:\/\/www.bcu-lausanne.ch\/wp-content\/uploads\/2021\/01\/01145.jpeg","contentUrl":"https:\/\/www.bcu-lausanne.ch\/wp-content\/uploads\/2021\/01\/01145.jpeg","width":620,"height":356},{"@type":"BreadcrumbList","@id":"https:\/\/www.bcu-lausanne.ch\/en\/en-ce-moment-en\/1959-a-conservative-year\/#breadcrumb","itemListElement":[{"@type":"ListItem","position":1,"name":"Accueil","item":"https:\/\/www.bcu-lausanne.ch\/en\/"},{"@type":"ListItem","position":2,"name":"1959: a conservative year"}]},{"@type":"WebSite","@id":"https:\/\/www.bcu-lausanne.ch\/#website","url":"https:\/\/www.bcu-lausanne.ch\/","name":"BCUL","description":"Biblioth\u00e8que cantonale et universitaire - Lausanne","publisher":{"@id":"https:\/\/www.bcu-lausanne.ch\/#organization"},"potentialAction":[{"@type":"SearchAction","target":{"@type":"EntryPoint","urlTemplate":"https:\/\/www.bcu-lausanne.ch\/?s={search_term_string}"},"query-input":{"@type":"PropertyValueSpecification","valueRequired":true,"valueName":"search_term_string"}}],"inLanguage":"en-US"},{"@type":"Organization","@id":"https:\/\/www.bcu-lausanne.ch\/#organization","name":"BCU Lausanne","url":"https:\/\/www.bcu-lausanne.ch\/","logo":{"@type":"ImageObject","inLanguage":"en-US","@id":"https:\/\/www.bcu-lausanne.ch\/#\/schema\/logo\/image\/","url":"https:\/\/www.bcu-lausanne.ch\/wp-content\/uploads\/2020\/05\/bcul-logo-rvb.png","contentUrl":"https:\/\/www.bcu-lausanne.ch\/wp-content\/uploads\/2020\/05\/bcul-logo-rvb.png","width":1535,"height":1181,"caption":"BCU Lausanne"},"image":{"@id":"https:\/\/www.bcu-lausanne.ch\/#\/schema\/logo\/image\/"},"sameAs":["https:\/\/www.facebook.com\/BCULausanne","https:\/\/x.com\/BCULausanne","https:\/\/www.instagram.com\/bculausanne\/","https:\/\/www.linkedin.com\/company\/bcu-lausanne\/","https:\/\/www.youtube.com\/channel\/UCdk4ItiYuWBJBz6yZnOPaEw"]},{"@type":"Person","@id":"https:\/\/www.bcu-lausanne.ch\/#\/schema\/person\/4c59ebdb25f26be04f8f92b56d0598fa","name":"Sylvia Biro","image":{"@type":"ImageObject","inLanguage":"en-US","@id":"https:\/\/secure.gravatar.com\/avatar\/ff5fa287a623f851d71f71f5d09a8e2c6b3e92d6b808dc52ba757dcb18ebdfd2?s=96&d=mm&r=g42f0699af3a6036f25f5ac88f43ac245","url":"https:\/\/secure.gravatar.com\/avatar\/ff5fa287a623f851d71f71f5d09a8e2c6b3e92d6b808dc52ba757dcb18ebdfd2?s=96&d=mm&r=g","contentUrl":"https:\/\/secure.gravatar.com\/avatar\/ff5fa287a623f851d71f71f5d09a8e2c6b3e92d6b808dc52ba757dcb18ebdfd2?s=96&d=mm&r=g","caption":"Sylvia Biro"}}]}},"_links":{"self":[{"href":"https:\/\/www.bcu-lausanne.ch\/en\/wp-json\/wp\/v2\/posts\/40444","targetHints":{"allow":["GET"]}}],"collection":[{"href":"https:\/\/www.bcu-lausanne.ch\/en\/wp-json\/wp\/v2\/posts"}],"about":[{"href":"https:\/\/www.bcu-lausanne.ch\/en\/wp-json\/wp\/v2\/types\/post"}],"author":[{"embeddable":true,"href":"https:\/\/www.bcu-lausanne.ch\/en\/wp-json\/wp\/v2\/users\/65"}],"replies":[{"embeddable":true,"href":"https:\/\/www.bcu-lausanne.ch\/en\/wp-json\/wp\/v2\/comments?post=40444"}],"version-history":[{"count":1,"href":"https:\/\/www.bcu-lausanne.ch\/en\/wp-json\/wp\/v2\/posts\/40444\/revisions"}],"predecessor-version":[{"id":40446,"href":"https:\/\/www.bcu-lausanne.ch\/en\/wp-json\/wp\/v2\/posts\/40444\/revisions\/40446"}],"wp:featuredmedia":[{"embeddable":true,"href":"https:\/\/www.bcu-lausanne.ch\/en\/wp-json\/wp\/v2\/media\/40445"}],"wp:attachment":[{"href":"https:\/\/www.bcu-lausanne.ch\/en\/wp-json\/wp\/v2\/media?parent=40444"}],"wp:term":[{"taxonomy":"category","embeddable":true,"href":"https:\/\/www.bcu-lausanne.ch\/en\/wp-json\/wp\/v2\/categories?post=40444"},{"taxonomy":"author","embeddable":true,"href":"https:\/\/www.bcu-lausanne.ch\/en\/wp-json\/wp\/v2\/coauthors?post=40444"}],"curies":[{"name":"wp","href":"https:\/\/api.w.org\/{rel}","templated":true}]}}