{"id":40432,"date":"2025-06-19T11:15:35","date_gmt":"2025-06-19T09:15:35","guid":{"rendered":"https:\/\/www.bcu-lausanne.ch\/inspirations-21\/"},"modified":"2025-06-19T11:15:40","modified_gmt":"2025-06-19T09:15:40","slug":"inspirations-21","status":"publish","type":"post","link":"https:\/\/www.bcu-lausanne.ch\/en\/en-ce-moment-en\/inspirations-21\/","title":{"rendered":"Inspirations 21"},"content":{"rendered":"\n<p><\/p>\n\n<p>Winter reminds us of the dates of feminism. To mark the occasion, we&#8217;ve put together a selection to highlight this theme. <\/p>\n\n<p>February 7, 1971: Women win the right to vote and stand for election in Switzerland<\/p>\n\n<p>In 2021, we remember that Switzerland was one of the last countries in Europe to grant universal suffrage, and that was fifty years ago!<\/p>\n\n<p>March 8: International Women&#8217;s Rights Day<\/p>\n\n<p>March 8 comes around every year. The demands evolve and yet are repeated, because while society changes, on a national level it takes longer.   <\/p>\n\n<p>Street harassment, equal pay, marriage for all.tex, equal pensions, equal rights for all.tex, representativeness in politics, in business, gender freedom, epicene language, representativeness in the public space, violence against women. Old-fashioned issues, really?   <\/p>\n\n<p>The #MeToo movement, then \u201cBalance ton porc\u201d and the Trump era, have revealed that sexism is an everyday occurrence.  <\/p>\n\n<p>Today, feminism has made its mark. Struggles are discovering themselves to be plural: radical feminism, ecofeminism, Afrofeminism, queer, differentialist, intersectional, pro-sex, pop&#8230;. <br\/><\/p>\n\n<p>Inspiring figures<\/p>\n\n<p>Angela, Ang\u00e8le, B\u00e9atrice, Beyonc\u00e9, Caroline, Chimamanda Ngozi, Conchita, Emmanuelle, Fran\u00e7oise, Gis\u00e8le, La Gale, Gloria, Greta, Julia, Inna, Kamala, Laure, M\u00e9ryl, Michelle, Pomme, Simone, Vandana&#8230; so many leading figures, sister figures of feminism in 2021.<\/p>\n\n<p>And since it&#8217;s impossible to find cultural venues and opportunities to get together, we&#8217;ve put together a selection of documents to help you do just that!<\/p>\n","protected":false},"excerpt":{"rendered":"<p>Winter reminds us of the dates of feminism. To mark the occasion, we&#8217;ve put together a selection to highlight this theme. February 7, 1971: Women win the right to vote and stand for election in Switzerland In 2021, we remember that Switzerland was one of the last countries in Europe to grant universal suffrage, and [&hellip;]<\/p>\n","protected":false},"author":82,"featured_media":14706,"comment_status":"open","ping_status":"open","sticky":false,"template":"","format":"standard","meta":{"_acf_changed":false,"_oasis_is_in_workflow":0,"_oasis_original":0,"_oasis_task_priority":"","footnotes":""},"categories":[1278,1279],"coauthors":[648],"class_list":["post-40432","post","type-post","status-publish","format-standard","has-post-thumbnail","hentry","category-en-ce-moment-en","category-selections-en"],"acf":[],"yoast_head":"<!-- This site is optimized with the Yoast SEO plugin v27.5 - https:\/\/yoast.com\/product\/yoast-seo-wordpress\/ -->\n<title>Inspirations 21 - BCUL Inspirations 21<\/title>\n<meta name=\"robots\" content=\"index, follow, max-snippet:-1, max-image-preview:large, max-video-preview:-1\" \/>\n<link rel=\"canonical\" href=\"https:\/\/www.bcu-lausanne.ch\/en\/en-ce-moment-en\/inspirations-21\/\" \/>\n<meta property=\"og:locale\" content=\"en_US\" \/>\n<meta property=\"og:type\" content=\"article\" \/>\n<meta property=\"og:title\" content=\"Inspirations 21 - BCUL Inspirations 21\" \/>\n<meta property=\"og:description\" content=\"Winter reminds us of the dates of feminism. To mark the occasion, we&#8217;ve put together a selection to highlight this theme. February 7, 1971: Women win the right to vote and stand for election in Switzerland In 2021, we remember that Switzerland was one of the last countries in Europe to grant universal suffrage, and [&hellip;]\" \/>\n<meta property=\"og:url\" content=\"https:\/\/www.bcu-lausanne.ch\/en\/en-ce-moment-en\/inspirations-21\/\" \/>\n<meta property=\"og:site_name\" content=\"BCUL\" \/>\n<meta property=\"article:publisher\" content=\"https:\/\/www.facebook.com\/BCULausanne\" \/>\n<meta property=\"article:published_time\" content=\"2025-06-19T09:15:35+00:00\" \/>\n<meta property=\"article:modified_time\" content=\"2025-06-19T09:15:40+00:00\" \/>\n<meta property=\"og:image\" content=\"https:\/\/www.bcu-lausanne.ch\/wp-content\/uploads\/2021\/02\/feminism-295245_960_720.png\" \/>\n\t<meta property=\"og:image:width\" content=\"960\" \/>\n\t<meta property=\"og:image:height\" content=\"480\" \/>\n\t<meta property=\"og:image:type\" content=\"image\/png\" \/>\n<meta name=\"author\" content=\"Evelyne Campiche Ruegg\" \/>\n<meta name=\"twitter:card\" content=\"summary_large_image\" \/>\n<meta name=\"twitter:creator\" content=\"@BCULausanne\" \/>\n<meta name=\"twitter:site\" content=\"@BCULausanne\" \/>\n<meta name=\"twitter:label1\" content=\"Written by\" \/>\n\t<meta name=\"twitter:data1\" content=\"Evelyne Campiche Ruegg\" \/>\n\t<meta name=\"twitter:label2\" content=\"Est. reading time\" \/>\n\t<meta name=\"twitter:data2\" content=\"1 minute\" \/>\n<script type=\"application\/ld+json\" class=\"yoast-schema-graph\">{\"@context\":\"https:\\\/\\\/schema.org\",\"@graph\":[{\"@type\":\"Article\",\"@id\":\"https:\\\/\\\/www.bcu-lausanne.ch\\\/en\\\/en-ce-moment-en\\\/inspirations-21\\\/#article\",\"isPartOf\":{\"@id\":\"https:\\\/\\\/www.bcu-lausanne.ch\\\/en\\\/en-ce-moment-en\\\/inspirations-21\\\/\"},\"author\":{\"name\":\"Evelyne Campiche Ruegg\",\"@id\":\"https:\\\/\\\/www.bcu-lausanne.ch\\\/#\\\/schema\\\/person\\\/2e7f187bd1012893681d239794901867\"},\"headline\":\"Inspirations 21\",\"datePublished\":\"2025-06-19T09:15:35+00:00\",\"dateModified\":\"2025-06-19T09:15:40+00:00\",\"mainEntityOfPage\":{\"@id\":\"https:\\\/\\\/www.bcu-lausanne.ch\\\/en\\\/en-ce-moment-en\\\/inspirations-21\\\/\"},\"wordCount\":232,\"commentCount\":0,\"publisher\":{\"@id\":\"https:\\\/\\\/www.bcu-lausanne.ch\\\/#organization\"},\"image\":{\"@id\":\"https:\\\/\\\/www.bcu-lausanne.ch\\\/en\\\/en-ce-moment-en\\\/inspirations-21\\\/#primaryimage\"},\"thumbnailUrl\":\"https:\\\/\\\/www.bcu-lausanne.ch\\\/wp-content\\\/uploads\\\/2021\\\/02\\\/feminism-295245_960_720.png\",\"articleSection\":[\"En ce moment\",\"S\u00e9lections\"],\"inLanguage\":\"en-US\",\"potentialAction\":[{\"@type\":\"CommentAction\",\"name\":\"Comment\",\"target\":[\"https:\\\/\\\/www.bcu-lausanne.ch\\\/en\\\/en-ce-moment-en\\\/inspirations-21\\\/#respond\"]}]},{\"@type\":\"WebPage\",\"@id\":\"https:\\\/\\\/www.bcu-lausanne.ch\\\/en\\\/en-ce-moment-en\\\/inspirations-21\\\/\",\"url\":\"https:\\\/\\\/www.bcu-lausanne.ch\\\/en\\\/en-ce-moment-en\\\/inspirations-21\\\/\",\"name\":\"Inspirations 21 - BCUL Inspirations 21\",\"isPartOf\":{\"@id\":\"https:\\\/\\\/www.bcu-lausanne.ch\\\/#website\"},\"primaryImageOfPage\":{\"@id\":\"https:\\\/\\\/www.bcu-lausanne.ch\\\/en\\\/en-ce-moment-en\\\/inspirations-21\\\/#primaryimage\"},\"image\":{\"@id\":\"https:\\\/\\\/www.bcu-lausanne.ch\\\/en\\\/en-ce-moment-en\\\/inspirations-21\\\/#primaryimage\"},\"thumbnailUrl\":\"https:\\\/\\\/www.bcu-lausanne.ch\\\/wp-content\\\/uploads\\\/2021\\\/02\\\/feminism-295245_960_720.png\",\"datePublished\":\"2025-06-19T09:15:35+00:00\",\"dateModified\":\"2025-06-19T09:15:40+00:00\",\"breadcrumb\":{\"@id\":\"https:\\\/\\\/www.bcu-lausanne.ch\\\/en\\\/en-ce-moment-en\\\/inspirations-21\\\/#breadcrumb\"},\"inLanguage\":\"en-US\",\"potentialAction\":[{\"@type\":\"ReadAction\",\"target\":[\"https:\\\/\\\/www.bcu-lausanne.ch\\\/en\\\/en-ce-moment-en\\\/inspirations-21\\\/\"]}]},{\"@type\":\"ImageObject\",\"inLanguage\":\"en-US\",\"@id\":\"https:\\\/\\\/www.bcu-lausanne.ch\\\/en\\\/en-ce-moment-en\\\/inspirations-21\\\/#primaryimage\",\"url\":\"https:\\\/\\\/www.bcu-lausanne.ch\\\/wp-content\\\/uploads\\\/2021\\\/02\\\/feminism-295245_960_720.png\",\"contentUrl\":\"https:\\\/\\\/www.bcu-lausanne.ch\\\/wp-content\\\/uploads\\\/2021\\\/02\\\/feminism-295245_960_720.png\",\"width\":960,\"height\":480},{\"@type\":\"BreadcrumbList\",\"@id\":\"https:\\\/\\\/www.bcu-lausanne.ch\\\/en\\\/en-ce-moment-en\\\/inspirations-21\\\/#breadcrumb\",\"itemListElement\":[{\"@type\":\"ListItem\",\"position\":1,\"name\":\"Accueil\",\"item\":\"https:\\\/\\\/www.bcu-lausanne.ch\\\/en\\\/\"},{\"@type\":\"ListItem\",\"position\":2,\"name\":\"Inspirations 21\"}]},{\"@type\":\"WebSite\",\"@id\":\"https:\\\/\\\/www.bcu-lausanne.ch\\\/#website\",\"url\":\"https:\\\/\\\/www.bcu-lausanne.ch\\\/\",\"name\":\"BCUL\",\"description\":\"Biblioth\u00e8que cantonale et universitaire - Lausanne\",\"publisher\":{\"@id\":\"https:\\\/\\\/www.bcu-lausanne.ch\\\/#organization\"},\"potentialAction\":[{\"@type\":\"SearchAction\",\"target\":{\"@type\":\"EntryPoint\",\"urlTemplate\":\"https:\\\/\\\/www.bcu-lausanne.ch\\\/?s={search_term_string}\"},\"query-input\":{\"@type\":\"PropertyValueSpecification\",\"valueRequired\":true,\"valueName\":\"search_term_string\"}}],\"inLanguage\":\"en-US\"},{\"@type\":\"Organization\",\"@id\":\"https:\\\/\\\/www.bcu-lausanne.ch\\\/#organization\",\"name\":\"BCU Lausanne\",\"url\":\"https:\\\/\\\/www.bcu-lausanne.ch\\\/\",\"logo\":{\"@type\":\"ImageObject\",\"inLanguage\":\"en-US\",\"@id\":\"https:\\\/\\\/www.bcu-lausanne.ch\\\/#\\\/schema\\\/logo\\\/image\\\/\",\"url\":\"https:\\\/\\\/www.bcu-lausanne.ch\\\/wp-content\\\/uploads\\\/2020\\\/05\\\/bcul-logo-rvb.png\",\"contentUrl\":\"https:\\\/\\\/www.bcu-lausanne.ch\\\/wp-content\\\/uploads\\\/2020\\\/05\\\/bcul-logo-rvb.png\",\"width\":1535,\"height\":1181,\"caption\":\"BCU Lausanne\"},\"image\":{\"@id\":\"https:\\\/\\\/www.bcu-lausanne.ch\\\/#\\\/schema\\\/logo\\\/image\\\/\"},\"sameAs\":[\"https:\\\/\\\/www.facebook.com\\\/BCULausanne\",\"https:\\\/\\\/x.com\\\/BCULausanne\",\"https:\\\/\\\/www.instagram.com\\\/bculausanne\\\/\",\"https:\\\/\\\/www.linkedin.com\\\/company\\\/bcu-lausanne\\\/\",\"https:\\\/\\\/www.youtube.com\\\/channel\\\/UCdk4ItiYuWBJBz6yZnOPaEw\"]},{\"@type\":\"Person\",\"@id\":\"https:\\\/\\\/www.bcu-lausanne.ch\\\/#\\\/schema\\\/person\\\/2e7f187bd1012893681d239794901867\",\"name\":\"Evelyne Campiche Ruegg\",\"image\":{\"@type\":\"ImageObject\",\"inLanguage\":\"en-US\",\"@id\":\"https:\\\/\\\/secure.gravatar.com\\\/avatar\\\/29d8327c97b18e9541c88362f2c0d326cfd5643d3363e0e4de6be33f0e9fa0f3?s=96&d=mm&r=g718b80f4bf30fe44411d9a48c35c0d68\",\"url\":\"https:\\\/\\\/secure.gravatar.com\\\/avatar\\\/29d8327c97b18e9541c88362f2c0d326cfd5643d3363e0e4de6be33f0e9fa0f3?s=96&d=mm&r=g\",\"contentUrl\":\"https:\\\/\\\/secure.gravatar.com\\\/avatar\\\/29d8327c97b18e9541c88362f2c0d326cfd5643d3363e0e4de6be33f0e9fa0f3?s=96&d=mm&r=g\",\"caption\":\"Evelyne Campiche Ruegg\"}}]}<\/script>\n<!-- \/ Yoast SEO plugin. -->","yoast_head_json":{"title":"Inspirations 21 - BCUL Inspirations 21","robots":{"index":"index","follow":"follow","max-snippet":"max-snippet:-1","max-image-preview":"max-image-preview:large","max-video-preview":"max-video-preview:-1"},"canonical":"https:\/\/www.bcu-lausanne.ch\/en\/en-ce-moment-en\/inspirations-21\/","og_locale":"en_US","og_type":"article","og_title":"Inspirations 21 - BCUL Inspirations 21","og_description":"Winter reminds us of the dates of feminism. To mark the occasion, we&#8217;ve put together a selection to highlight this theme. February 7, 1971: Women win the right to vote and stand for election in Switzerland In 2021, we remember that Switzerland was one of the last countries in Europe to grant universal suffrage, and [&hellip;]","og_url":"https:\/\/www.bcu-lausanne.ch\/en\/en-ce-moment-en\/inspirations-21\/","og_site_name":"BCUL","article_publisher":"https:\/\/www.facebook.com\/BCULausanne","article_published_time":"2025-06-19T09:15:35+00:00","article_modified_time":"2025-06-19T09:15:40+00:00","og_image":[{"width":960,"height":480,"url":"https:\/\/www.bcu-lausanne.ch\/wp-content\/uploads\/2021\/02\/feminism-295245_960_720.png","type":"image\/png"}],"author":"Evelyne Campiche Ruegg","twitter_card":"summary_large_image","twitter_creator":"@BCULausanne","twitter_site":"@BCULausanne","twitter_misc":{"Written by":"Evelyne Campiche Ruegg","Est. reading time":"1 minute"},"schema":{"@context":"https:\/\/schema.org","@graph":[{"@type":"Article","@id":"https:\/\/www.bcu-lausanne.ch\/en\/en-ce-moment-en\/inspirations-21\/#article","isPartOf":{"@id":"https:\/\/www.bcu-lausanne.ch\/en\/en-ce-moment-en\/inspirations-21\/"},"author":{"name":"Evelyne Campiche Ruegg","@id":"https:\/\/www.bcu-lausanne.ch\/#\/schema\/person\/2e7f187bd1012893681d239794901867"},"headline":"Inspirations 21","datePublished":"2025-06-19T09:15:35+00:00","dateModified":"2025-06-19T09:15:40+00:00","mainEntityOfPage":{"@id":"https:\/\/www.bcu-lausanne.ch\/en\/en-ce-moment-en\/inspirations-21\/"},"wordCount":232,"commentCount":0,"publisher":{"@id":"https:\/\/www.bcu-lausanne.ch\/#organization"},"image":{"@id":"https:\/\/www.bcu-lausanne.ch\/en\/en-ce-moment-en\/inspirations-21\/#primaryimage"},"thumbnailUrl":"https:\/\/www.bcu-lausanne.ch\/wp-content\/uploads\/2021\/02\/feminism-295245_960_720.png","articleSection":["En ce moment","S\u00e9lections"],"inLanguage":"en-US","potentialAction":[{"@type":"CommentAction","name":"Comment","target":["https:\/\/www.bcu-lausanne.ch\/en\/en-ce-moment-en\/inspirations-21\/#respond"]}]},{"@type":"WebPage","@id":"https:\/\/www.bcu-lausanne.ch\/en\/en-ce-moment-en\/inspirations-21\/","url":"https:\/\/www.bcu-lausanne.ch\/en\/en-ce-moment-en\/inspirations-21\/","name":"Inspirations 21 - BCUL Inspirations 21","isPartOf":{"@id":"https:\/\/www.bcu-lausanne.ch\/#website"},"primaryImageOfPage":{"@id":"https:\/\/www.bcu-lausanne.ch\/en\/en-ce-moment-en\/inspirations-21\/#primaryimage"},"image":{"@id":"https:\/\/www.bcu-lausanne.ch\/en\/en-ce-moment-en\/inspirations-21\/#primaryimage"},"thumbnailUrl":"https:\/\/www.bcu-lausanne.ch\/wp-content\/uploads\/2021\/02\/feminism-295245_960_720.png","datePublished":"2025-06-19T09:15:35+00:00","dateModified":"2025-06-19T09:15:40+00:00","breadcrumb":{"@id":"https:\/\/www.bcu-lausanne.ch\/en\/en-ce-moment-en\/inspirations-21\/#breadcrumb"},"inLanguage":"en-US","potentialAction":[{"@type":"ReadAction","target":["https:\/\/www.bcu-lausanne.ch\/en\/en-ce-moment-en\/inspirations-21\/"]}]},{"@type":"ImageObject","inLanguage":"en-US","@id":"https:\/\/www.bcu-lausanne.ch\/en\/en-ce-moment-en\/inspirations-21\/#primaryimage","url":"https:\/\/www.bcu-lausanne.ch\/wp-content\/uploads\/2021\/02\/feminism-295245_960_720.png","contentUrl":"https:\/\/www.bcu-lausanne.ch\/wp-content\/uploads\/2021\/02\/feminism-295245_960_720.png","width":960,"height":480},{"@type":"BreadcrumbList","@id":"https:\/\/www.bcu-lausanne.ch\/en\/en-ce-moment-en\/inspirations-21\/#breadcrumb","itemListElement":[{"@type":"ListItem","position":1,"name":"Accueil","item":"https:\/\/www.bcu-lausanne.ch\/en\/"},{"@type":"ListItem","position":2,"name":"Inspirations 21"}]},{"@type":"WebSite","@id":"https:\/\/www.bcu-lausanne.ch\/#website","url":"https:\/\/www.bcu-lausanne.ch\/","name":"BCUL","description":"Biblioth\u00e8que cantonale et universitaire - Lausanne","publisher":{"@id":"https:\/\/www.bcu-lausanne.ch\/#organization"},"potentialAction":[{"@type":"SearchAction","target":{"@type":"EntryPoint","urlTemplate":"https:\/\/www.bcu-lausanne.ch\/?s={search_term_string}"},"query-input":{"@type":"PropertyValueSpecification","valueRequired":true,"valueName":"search_term_string"}}],"inLanguage":"en-US"},{"@type":"Organization","@id":"https:\/\/www.bcu-lausanne.ch\/#organization","name":"BCU Lausanne","url":"https:\/\/www.bcu-lausanne.ch\/","logo":{"@type":"ImageObject","inLanguage":"en-US","@id":"https:\/\/www.bcu-lausanne.ch\/#\/schema\/logo\/image\/","url":"https:\/\/www.bcu-lausanne.ch\/wp-content\/uploads\/2020\/05\/bcul-logo-rvb.png","contentUrl":"https:\/\/www.bcu-lausanne.ch\/wp-content\/uploads\/2020\/05\/bcul-logo-rvb.png","width":1535,"height":1181,"caption":"BCU Lausanne"},"image":{"@id":"https:\/\/www.bcu-lausanne.ch\/#\/schema\/logo\/image\/"},"sameAs":["https:\/\/www.facebook.com\/BCULausanne","https:\/\/x.com\/BCULausanne","https:\/\/www.instagram.com\/bculausanne\/","https:\/\/www.linkedin.com\/company\/bcu-lausanne\/","https:\/\/www.youtube.com\/channel\/UCdk4ItiYuWBJBz6yZnOPaEw"]},{"@type":"Person","@id":"https:\/\/www.bcu-lausanne.ch\/#\/schema\/person\/2e7f187bd1012893681d239794901867","name":"Evelyne Campiche Ruegg","image":{"@type":"ImageObject","inLanguage":"en-US","@id":"https:\/\/secure.gravatar.com\/avatar\/29d8327c97b18e9541c88362f2c0d326cfd5643d3363e0e4de6be33f0e9fa0f3?s=96&d=mm&r=g718b80f4bf30fe44411d9a48c35c0d68","url":"https:\/\/secure.gravatar.com\/avatar\/29d8327c97b18e9541c88362f2c0d326cfd5643d3363e0e4de6be33f0e9fa0f3?s=96&d=mm&r=g","contentUrl":"https:\/\/secure.gravatar.com\/avatar\/29d8327c97b18e9541c88362f2c0d326cfd5643d3363e0e4de6be33f0e9fa0f3?s=96&d=mm&r=g","caption":"Evelyne Campiche Ruegg"}}]}},"_links":{"self":[{"href":"https:\/\/www.bcu-lausanne.ch\/en\/wp-json\/wp\/v2\/posts\/40432","targetHints":{"allow":["GET"]}}],"collection":[{"href":"https:\/\/www.bcu-lausanne.ch\/en\/wp-json\/wp\/v2\/posts"}],"about":[{"href":"https:\/\/www.bcu-lausanne.ch\/en\/wp-json\/wp\/v2\/types\/post"}],"author":[{"embeddable":true,"href":"https:\/\/www.bcu-lausanne.ch\/en\/wp-json\/wp\/v2\/users\/82"}],"replies":[{"embeddable":true,"href":"https:\/\/www.bcu-lausanne.ch\/en\/wp-json\/wp\/v2\/comments?post=40432"}],"version-history":[{"count":1,"href":"https:\/\/www.bcu-lausanne.ch\/en\/wp-json\/wp\/v2\/posts\/40432\/revisions"}],"predecessor-version":[{"id":40434,"href":"https:\/\/www.bcu-lausanne.ch\/en\/wp-json\/wp\/v2\/posts\/40432\/revisions\/40434"}],"wp:featuredmedia":[{"embeddable":true,"href":"https:\/\/www.bcu-lausanne.ch\/en\/wp-json\/wp\/v2\/media\/14706"}],"wp:attachment":[{"href":"https:\/\/www.bcu-lausanne.ch\/en\/wp-json\/wp\/v2\/media?parent=40432"}],"wp:term":[{"taxonomy":"category","embeddable":true,"href":"https:\/\/www.bcu-lausanne.ch\/en\/wp-json\/wp\/v2\/categories?post=40432"},{"taxonomy":"author","embeddable":true,"href":"https:\/\/www.bcu-lausanne.ch\/en\/wp-json\/wp\/v2\/coauthors?post=40432"}],"curies":[{"name":"wp","href":"https:\/\/api.w.org\/{rel}","templated":true}]}}