{"id":40384,"date":"2025-06-19T11:15:09","date_gmt":"2025-06-19T09:15:09","guid":{"rendered":"https:\/\/www.bcu-lausanne.ch\/sketchbooks-a-founding-passage-to-the-work-of-jean-lecoultre\/"},"modified":"2025-06-19T11:15:10","modified_gmt":"2025-06-19T09:15:10","slug":"sketchbooks-a-founding-passage-to-the-work-of-jean-lecoultre","status":"publish","type":"post","link":"https:\/\/www.bcu-lausanne.ch\/en\/our-collections\/sketchbooks-a-founding-passage-to-the-work-of-jean-lecoultre\/","title":{"rendered":"Sketchbooks, a \u201cfounding passage\u201d to the work of Jean Lecoultre"},"content":{"rendered":"\n<p class=\"has-text-align-right\"><sup>Mus\u00e9e Jenisch<\/sup><\/p>\n\n<p>From June 18 to September 26, the Cabinet des estampes in Vevey, hosted by the Mus\u00e9e Jenisch, invites you to discover the exhibition <a href=\"https:\/\/museejenisch.ch\/expositions\/jean-lecoultre-l-il-a-vif\/\" target=\"_blank\" rel=\"noreferrer noopener\">&#8220;Jean Lecoultre. L&#8217;\u0152il \u00e0 vif&#8221;.<\/a><\/p>\n\n<p>In this exhibition, you can see three sketchbooks from our collection. BCUL&#8217;s Manuscript Department acquired the artist&#8217;s archives in 2019, thanks to the support of the<a href=\"https:\/\/www.abcu.ch\/\" target=\"_blank\" rel=\"noreferrer noopener\">Association des amis de la BCU Lausanne<\/a>. <\/p>\n\n<hr class=\"wp-block-separator\" \/>\n\n<p>We attended a discussion between Jean Lecoultre and his friend, writer and columnist Christophe Gallaz, both of whom focused on the value of archives and the changes in technique adopted by the visual artist throughout his career. Here are some elements of their exchange, reported by Christophe Gallaz: <\/p>\n\n<p><em>The starting point is a shared understanding of the \u201cdraft\u201d that often precedes the finished work. The creator then seeks his path towards it, while exploring himself by refining his inner visions and his means of depicting them. <\/em><\/p>\n\n<p><em>Thus, the sketchbooks now preserved by the BCUL radiate with avenues that are still open, despite their more than fifty years of age &#8211; and whose accomplished, more assertive work is less promising.<\/em><\/p>\n\n<p><em>And there&#8217;s another reason to be delighted: the public and specialists who can consult this type of document at an institution like BCUL are able to approach art and artists more closely than they would at a conventional exhibition.<\/em><\/p>\n\n<p><em>In the case of Jean Lecoultre, for example, his sketchbooks all predate 2010. And why? Because the artist, having reached what we might call his \u201cprime working age\u201d, no longer feels the need to indulge in the slightest preparatory draft. Driven by intuition and know-how honed by experience, he shapes the definitive canvas or drawing from the outset.   <\/em><\/p>\n\n<p><em>This is how, thanks to the Jean Lecoultre Fund, everyone can invite themselves into his studio &#8211; and into the times of his work and his life.<\/em><\/p>\n\n<p>The Jean Lecoultre collection can be consulted by appointment in <a href=\"https:\/\/www.bcu-lausanne.ch\/en\/borrowing-and-reading\/\" target=\"_blank\" rel=\"noreferrer noopener\">the Unith\u00e8que consultation room<\/a>. Take a look at the<a href=\"https:\/\/www.patrinum.ch\/record\/255458\" target=\"_blank\" rel=\"noreferrer noopener\">inventory<\/a> before ordering the pieces you&#8217;re interested in, and don&#8217;t miss the exhibition at Jenisch! <\/p>\n","protected":false},"excerpt":{"rendered":"<p>Mus\u00e9e Jenisch From June 18 to September 26, the Cabinet des estampes in Vevey, hosted by the Mus\u00e9e Jenisch, invites you to discover the exhibition &#8220;Jean Lecoultre. L&#8217;\u0152il \u00e0 vif&#8221;. In this exhibition, you can see three sketchbooks from our collection. BCUL&#8217;s Manuscript Department acquired the artist&#8217;s archives in 2019, thanks to the support of [&hellip;]<\/p>\n","protected":false},"author":71,"featured_media":19306,"comment_status":"open","ping_status":"open","sticky":false,"template":"","format":"standard","meta":{"_acf_changed":false,"_oasis_is_in_workflow":0,"_oasis_original":0,"_oasis_task_priority":"","footnotes":""},"categories":[1343],"coauthors":[634],"class_list":["post-40384","post","type-post","status-publish","format-standard","has-post-thumbnail","hentry","category-our-collections"],"acf":[],"yoast_head":"<!-- This site is optimized with the Yoast SEO plugin v27.5 - https:\/\/yoast.com\/product\/yoast-seo-wordpress\/ -->\n<title>Sketchbooks, a \u201cfounding passage\u201d to the work of Jean Lecoultre - BCUL<\/title>\n<meta name=\"robots\" content=\"index, follow, max-snippet:-1, max-image-preview:large, max-video-preview:-1\" \/>\n<link rel=\"canonical\" href=\"https:\/\/www.bcu-lausanne.ch\/en\/our-collections\/sketchbooks-a-founding-passage-to-the-work-of-jean-lecoultre\/\" \/>\n<meta property=\"og:locale\" content=\"en_US\" \/>\n<meta property=\"og:type\" content=\"article\" \/>\n<meta property=\"og:title\" content=\"Sketchbooks, a \u201cfounding passage\u201d to the work of Jean Lecoultre - BCUL\" \/>\n<meta property=\"og:description\" content=\"Mus\u00e9e Jenisch From June 18 to September 26, the Cabinet des estampes in Vevey, hosted by the Mus\u00e9e Jenisch, invites you to discover the exhibition &#8220;Jean Lecoultre. L&#8217;\u0152il \u00e0 vif&#8221;. In this exhibition, you can see three sketchbooks from our collection. BCUL&#8217;s Manuscript Department acquired the artist&#8217;s archives in 2019, thanks to the support of [&hellip;]\" \/>\n<meta property=\"og:url\" content=\"https:\/\/www.bcu-lausanne.ch\/en\/our-collections\/sketchbooks-a-founding-passage-to-the-work-of-jean-lecoultre\/\" \/>\n<meta property=\"og:site_name\" content=\"BCUL\" \/>\n<meta property=\"article:publisher\" content=\"https:\/\/www.facebook.com\/BCULausanne\" \/>\n<meta property=\"article:published_time\" content=\"2025-06-19T09:15:09+00:00\" \/>\n<meta property=\"article:modified_time\" content=\"2025-06-19T09:15:10+00:00\" \/>\n<meta property=\"og:image\" content=\"https:\/\/www.bcu-lausanne.ch\/wp-content\/uploads\/2021\/06\/lecoultre_gallaz.jpg\" \/>\n\t<meta property=\"og:image:width\" content=\"2560\" \/>\n\t<meta property=\"og:image:height\" content=\"1833\" \/>\n\t<meta property=\"og:image:type\" content=\"image\/jpeg\" \/>\n<meta name=\"author\" content=\"Ramona Fritschi\" \/>\n<meta name=\"twitter:card\" content=\"summary_large_image\" \/>\n<meta name=\"twitter:creator\" content=\"@BCULausanne\" \/>\n<meta name=\"twitter:site\" content=\"@BCULausanne\" \/>\n<meta name=\"twitter:label1\" content=\"Written by\" \/>\n\t<meta name=\"twitter:data1\" content=\"Ramona Fritschi\" \/>\n\t<meta name=\"twitter:label2\" content=\"Est. reading time\" \/>\n\t<meta name=\"twitter:data2\" content=\"2 minutes\" \/>\n<script type=\"application\/ld+json\" class=\"yoast-schema-graph\">{\"@context\":\"https:\\\/\\\/schema.org\",\"@graph\":[{\"@type\":\"Article\",\"@id\":\"https:\\\/\\\/www.bcu-lausanne.ch\\\/en\\\/our-collections\\\/sketchbooks-a-founding-passage-to-the-work-of-jean-lecoultre\\\/#article\",\"isPartOf\":{\"@id\":\"https:\\\/\\\/www.bcu-lausanne.ch\\\/en\\\/our-collections\\\/sketchbooks-a-founding-passage-to-the-work-of-jean-lecoultre\\\/\"},\"author\":{\"name\":\"Ramona Fritschi\",\"@id\":\"https:\\\/\\\/www.bcu-lausanne.ch\\\/#\\\/schema\\\/person\\\/9a2a5f7cedfbd383b4abfda639040e7a\"},\"headline\":\"Sketchbooks, a \u201cfounding passage\u201d to the work of Jean Lecoultre\",\"datePublished\":\"2025-06-19T09:15:09+00:00\",\"dateModified\":\"2025-06-19T09:15:10+00:00\",\"mainEntityOfPage\":{\"@id\":\"https:\\\/\\\/www.bcu-lausanne.ch\\\/en\\\/our-collections\\\/sketchbooks-a-founding-passage-to-the-work-of-jean-lecoultre\\\/\"},\"wordCount\":352,\"commentCount\":0,\"publisher\":{\"@id\":\"https:\\\/\\\/www.bcu-lausanne.ch\\\/#organization\"},\"image\":{\"@id\":\"https:\\\/\\\/www.bcu-lausanne.ch\\\/en\\\/our-collections\\\/sketchbooks-a-founding-passage-to-the-work-of-jean-lecoultre\\\/#primaryimage\"},\"thumbnailUrl\":\"https:\\\/\\\/www.bcu-lausanne.ch\\\/wp-content\\\/uploads\\\/2021\\\/06\\\/lecoultre_gallaz.jpg\",\"articleSection\":[\"Our collections\"],\"inLanguage\":\"en-US\",\"potentialAction\":[{\"@type\":\"CommentAction\",\"name\":\"Comment\",\"target\":[\"https:\\\/\\\/www.bcu-lausanne.ch\\\/en\\\/our-collections\\\/sketchbooks-a-founding-passage-to-the-work-of-jean-lecoultre\\\/#respond\"]}]},{\"@type\":\"WebPage\",\"@id\":\"https:\\\/\\\/www.bcu-lausanne.ch\\\/en\\\/our-collections\\\/sketchbooks-a-founding-passage-to-the-work-of-jean-lecoultre\\\/\",\"url\":\"https:\\\/\\\/www.bcu-lausanne.ch\\\/en\\\/our-collections\\\/sketchbooks-a-founding-passage-to-the-work-of-jean-lecoultre\\\/\",\"name\":\"Sketchbooks, a \u201cfounding passage\u201d to the work of Jean Lecoultre - BCUL\",\"isPartOf\":{\"@id\":\"https:\\\/\\\/www.bcu-lausanne.ch\\\/#website\"},\"primaryImageOfPage\":{\"@id\":\"https:\\\/\\\/www.bcu-lausanne.ch\\\/en\\\/our-collections\\\/sketchbooks-a-founding-passage-to-the-work-of-jean-lecoultre\\\/#primaryimage\"},\"image\":{\"@id\":\"https:\\\/\\\/www.bcu-lausanne.ch\\\/en\\\/our-collections\\\/sketchbooks-a-founding-passage-to-the-work-of-jean-lecoultre\\\/#primaryimage\"},\"thumbnailUrl\":\"https:\\\/\\\/www.bcu-lausanne.ch\\\/wp-content\\\/uploads\\\/2021\\\/06\\\/lecoultre_gallaz.jpg\",\"datePublished\":\"2025-06-19T09:15:09+00:00\",\"dateModified\":\"2025-06-19T09:15:10+00:00\",\"breadcrumb\":{\"@id\":\"https:\\\/\\\/www.bcu-lausanne.ch\\\/en\\\/our-collections\\\/sketchbooks-a-founding-passage-to-the-work-of-jean-lecoultre\\\/#breadcrumb\"},\"inLanguage\":\"en-US\",\"potentialAction\":[{\"@type\":\"ReadAction\",\"target\":[\"https:\\\/\\\/www.bcu-lausanne.ch\\\/en\\\/our-collections\\\/sketchbooks-a-founding-passage-to-the-work-of-jean-lecoultre\\\/\"]}]},{\"@type\":\"ImageObject\",\"inLanguage\":\"en-US\",\"@id\":\"https:\\\/\\\/www.bcu-lausanne.ch\\\/en\\\/our-collections\\\/sketchbooks-a-founding-passage-to-the-work-of-jean-lecoultre\\\/#primaryimage\",\"url\":\"https:\\\/\\\/www.bcu-lausanne.ch\\\/wp-content\\\/uploads\\\/2021\\\/06\\\/lecoultre_gallaz.jpg\",\"contentUrl\":\"https:\\\/\\\/www.bcu-lausanne.ch\\\/wp-content\\\/uploads\\\/2021\\\/06\\\/lecoultre_gallaz.jpg\",\"width\":2560,\"height\":1833,\"caption\":\"Jean Lecoultre et Christophe Gallaz au Mus\u00e9e Jenisch.\"},{\"@type\":\"BreadcrumbList\",\"@id\":\"https:\\\/\\\/www.bcu-lausanne.ch\\\/en\\\/our-collections\\\/sketchbooks-a-founding-passage-to-the-work-of-jean-lecoultre\\\/#breadcrumb\",\"itemListElement\":[{\"@type\":\"ListItem\",\"position\":1,\"name\":\"Accueil\",\"item\":\"https:\\\/\\\/www.bcu-lausanne.ch\\\/en\\\/\"},{\"@type\":\"ListItem\",\"position\":2,\"name\":\"Sketchbooks, a \u201cfounding passage\u201d to the work of Jean Lecoultre\"}]},{\"@type\":\"WebSite\",\"@id\":\"https:\\\/\\\/www.bcu-lausanne.ch\\\/#website\",\"url\":\"https:\\\/\\\/www.bcu-lausanne.ch\\\/\",\"name\":\"BCUL\",\"description\":\"Biblioth\u00e8que cantonale et universitaire - Lausanne\",\"publisher\":{\"@id\":\"https:\\\/\\\/www.bcu-lausanne.ch\\\/#organization\"},\"potentialAction\":[{\"@type\":\"SearchAction\",\"target\":{\"@type\":\"EntryPoint\",\"urlTemplate\":\"https:\\\/\\\/www.bcu-lausanne.ch\\\/?s={search_term_string}\"},\"query-input\":{\"@type\":\"PropertyValueSpecification\",\"valueRequired\":true,\"valueName\":\"search_term_string\"}}],\"inLanguage\":\"en-US\"},{\"@type\":\"Organization\",\"@id\":\"https:\\\/\\\/www.bcu-lausanne.ch\\\/#organization\",\"name\":\"BCU Lausanne\",\"url\":\"https:\\\/\\\/www.bcu-lausanne.ch\\\/\",\"logo\":{\"@type\":\"ImageObject\",\"inLanguage\":\"en-US\",\"@id\":\"https:\\\/\\\/www.bcu-lausanne.ch\\\/#\\\/schema\\\/logo\\\/image\\\/\",\"url\":\"https:\\\/\\\/www.bcu-lausanne.ch\\\/wp-content\\\/uploads\\\/2020\\\/05\\\/bcul-logo-rvb.png\",\"contentUrl\":\"https:\\\/\\\/www.bcu-lausanne.ch\\\/wp-content\\\/uploads\\\/2020\\\/05\\\/bcul-logo-rvb.png\",\"width\":1535,\"height\":1181,\"caption\":\"BCU Lausanne\"},\"image\":{\"@id\":\"https:\\\/\\\/www.bcu-lausanne.ch\\\/#\\\/schema\\\/logo\\\/image\\\/\"},\"sameAs\":[\"https:\\\/\\\/www.facebook.com\\\/BCULausanne\",\"https:\\\/\\\/x.com\\\/BCULausanne\",\"https:\\\/\\\/www.instagram.com\\\/bculausanne\\\/\",\"https:\\\/\\\/www.linkedin.com\\\/company\\\/bcu-lausanne\\\/\",\"https:\\\/\\\/www.youtube.com\\\/channel\\\/UCdk4ItiYuWBJBz6yZnOPaEw\"]},{\"@type\":\"Person\",\"@id\":\"https:\\\/\\\/www.bcu-lausanne.ch\\\/#\\\/schema\\\/person\\\/9a2a5f7cedfbd383b4abfda639040e7a\",\"name\":\"Ramona Fritschi\",\"image\":{\"@type\":\"ImageObject\",\"inLanguage\":\"en-US\",\"@id\":\"https:\\\/\\\/secure.gravatar.com\\\/avatar\\\/b08e5722eedd928b044121e467b518e4dee7a2fb265025b6b34be263f540f10b?s=96&d=mm&r=gc9bc32d4dec5aa1365aee8a4e06b044e\",\"url\":\"https:\\\/\\\/secure.gravatar.com\\\/avatar\\\/b08e5722eedd928b044121e467b518e4dee7a2fb265025b6b34be263f540f10b?s=96&d=mm&r=g\",\"contentUrl\":\"https:\\\/\\\/secure.gravatar.com\\\/avatar\\\/b08e5722eedd928b044121e467b518e4dee7a2fb265025b6b34be263f540f10b?s=96&d=mm&r=g\",\"caption\":\"Ramona Fritschi\"}}]}<\/script>\n<!-- \/ Yoast SEO plugin. -->","yoast_head_json":{"title":"Sketchbooks, a \u201cfounding passage\u201d to the work of Jean Lecoultre - BCUL","robots":{"index":"index","follow":"follow","max-snippet":"max-snippet:-1","max-image-preview":"max-image-preview:large","max-video-preview":"max-video-preview:-1"},"canonical":"https:\/\/www.bcu-lausanne.ch\/en\/our-collections\/sketchbooks-a-founding-passage-to-the-work-of-jean-lecoultre\/","og_locale":"en_US","og_type":"article","og_title":"Sketchbooks, a \u201cfounding passage\u201d to the work of Jean Lecoultre - BCUL","og_description":"Mus\u00e9e Jenisch From June 18 to September 26, the Cabinet des estampes in Vevey, hosted by the Mus\u00e9e Jenisch, invites you to discover the exhibition &#8220;Jean Lecoultre. L&#8217;\u0152il \u00e0 vif&#8221;. In this exhibition, you can see three sketchbooks from our collection. BCUL&#8217;s Manuscript Department acquired the artist&#8217;s archives in 2019, thanks to the support of [&hellip;]","og_url":"https:\/\/www.bcu-lausanne.ch\/en\/our-collections\/sketchbooks-a-founding-passage-to-the-work-of-jean-lecoultre\/","og_site_name":"BCUL","article_publisher":"https:\/\/www.facebook.com\/BCULausanne","article_published_time":"2025-06-19T09:15:09+00:00","article_modified_time":"2025-06-19T09:15:10+00:00","og_image":[{"width":2560,"height":1833,"url":"https:\/\/www.bcu-lausanne.ch\/wp-content\/uploads\/2021\/06\/lecoultre_gallaz.jpg","type":"image\/jpeg"}],"author":"Ramona Fritschi","twitter_card":"summary_large_image","twitter_creator":"@BCULausanne","twitter_site":"@BCULausanne","twitter_misc":{"Written by":"Ramona Fritschi","Est. reading time":"2 minutes"},"schema":{"@context":"https:\/\/schema.org","@graph":[{"@type":"Article","@id":"https:\/\/www.bcu-lausanne.ch\/en\/our-collections\/sketchbooks-a-founding-passage-to-the-work-of-jean-lecoultre\/#article","isPartOf":{"@id":"https:\/\/www.bcu-lausanne.ch\/en\/our-collections\/sketchbooks-a-founding-passage-to-the-work-of-jean-lecoultre\/"},"author":{"name":"Ramona Fritschi","@id":"https:\/\/www.bcu-lausanne.ch\/#\/schema\/person\/9a2a5f7cedfbd383b4abfda639040e7a"},"headline":"Sketchbooks, a \u201cfounding passage\u201d to the work of Jean Lecoultre","datePublished":"2025-06-19T09:15:09+00:00","dateModified":"2025-06-19T09:15:10+00:00","mainEntityOfPage":{"@id":"https:\/\/www.bcu-lausanne.ch\/en\/our-collections\/sketchbooks-a-founding-passage-to-the-work-of-jean-lecoultre\/"},"wordCount":352,"commentCount":0,"publisher":{"@id":"https:\/\/www.bcu-lausanne.ch\/#organization"},"image":{"@id":"https:\/\/www.bcu-lausanne.ch\/en\/our-collections\/sketchbooks-a-founding-passage-to-the-work-of-jean-lecoultre\/#primaryimage"},"thumbnailUrl":"https:\/\/www.bcu-lausanne.ch\/wp-content\/uploads\/2021\/06\/lecoultre_gallaz.jpg","articleSection":["Our collections"],"inLanguage":"en-US","potentialAction":[{"@type":"CommentAction","name":"Comment","target":["https:\/\/www.bcu-lausanne.ch\/en\/our-collections\/sketchbooks-a-founding-passage-to-the-work-of-jean-lecoultre\/#respond"]}]},{"@type":"WebPage","@id":"https:\/\/www.bcu-lausanne.ch\/en\/our-collections\/sketchbooks-a-founding-passage-to-the-work-of-jean-lecoultre\/","url":"https:\/\/www.bcu-lausanne.ch\/en\/our-collections\/sketchbooks-a-founding-passage-to-the-work-of-jean-lecoultre\/","name":"Sketchbooks, a \u201cfounding passage\u201d to the work of Jean Lecoultre - BCUL","isPartOf":{"@id":"https:\/\/www.bcu-lausanne.ch\/#website"},"primaryImageOfPage":{"@id":"https:\/\/www.bcu-lausanne.ch\/en\/our-collections\/sketchbooks-a-founding-passage-to-the-work-of-jean-lecoultre\/#primaryimage"},"image":{"@id":"https:\/\/www.bcu-lausanne.ch\/en\/our-collections\/sketchbooks-a-founding-passage-to-the-work-of-jean-lecoultre\/#primaryimage"},"thumbnailUrl":"https:\/\/www.bcu-lausanne.ch\/wp-content\/uploads\/2021\/06\/lecoultre_gallaz.jpg","datePublished":"2025-06-19T09:15:09+00:00","dateModified":"2025-06-19T09:15:10+00:00","breadcrumb":{"@id":"https:\/\/www.bcu-lausanne.ch\/en\/our-collections\/sketchbooks-a-founding-passage-to-the-work-of-jean-lecoultre\/#breadcrumb"},"inLanguage":"en-US","potentialAction":[{"@type":"ReadAction","target":["https:\/\/www.bcu-lausanne.ch\/en\/our-collections\/sketchbooks-a-founding-passage-to-the-work-of-jean-lecoultre\/"]}]},{"@type":"ImageObject","inLanguage":"en-US","@id":"https:\/\/www.bcu-lausanne.ch\/en\/our-collections\/sketchbooks-a-founding-passage-to-the-work-of-jean-lecoultre\/#primaryimage","url":"https:\/\/www.bcu-lausanne.ch\/wp-content\/uploads\/2021\/06\/lecoultre_gallaz.jpg","contentUrl":"https:\/\/www.bcu-lausanne.ch\/wp-content\/uploads\/2021\/06\/lecoultre_gallaz.jpg","width":2560,"height":1833,"caption":"Jean Lecoultre et Christophe Gallaz au Mus\u00e9e Jenisch."},{"@type":"BreadcrumbList","@id":"https:\/\/www.bcu-lausanne.ch\/en\/our-collections\/sketchbooks-a-founding-passage-to-the-work-of-jean-lecoultre\/#breadcrumb","itemListElement":[{"@type":"ListItem","position":1,"name":"Accueil","item":"https:\/\/www.bcu-lausanne.ch\/en\/"},{"@type":"ListItem","position":2,"name":"Sketchbooks, a \u201cfounding passage\u201d to the work of Jean Lecoultre"}]},{"@type":"WebSite","@id":"https:\/\/www.bcu-lausanne.ch\/#website","url":"https:\/\/www.bcu-lausanne.ch\/","name":"BCUL","description":"Biblioth\u00e8que cantonale et universitaire - Lausanne","publisher":{"@id":"https:\/\/www.bcu-lausanne.ch\/#organization"},"potentialAction":[{"@type":"SearchAction","target":{"@type":"EntryPoint","urlTemplate":"https:\/\/www.bcu-lausanne.ch\/?s={search_term_string}"},"query-input":{"@type":"PropertyValueSpecification","valueRequired":true,"valueName":"search_term_string"}}],"inLanguage":"en-US"},{"@type":"Organization","@id":"https:\/\/www.bcu-lausanne.ch\/#organization","name":"BCU Lausanne","url":"https:\/\/www.bcu-lausanne.ch\/","logo":{"@type":"ImageObject","inLanguage":"en-US","@id":"https:\/\/www.bcu-lausanne.ch\/#\/schema\/logo\/image\/","url":"https:\/\/www.bcu-lausanne.ch\/wp-content\/uploads\/2020\/05\/bcul-logo-rvb.png","contentUrl":"https:\/\/www.bcu-lausanne.ch\/wp-content\/uploads\/2020\/05\/bcul-logo-rvb.png","width":1535,"height":1181,"caption":"BCU Lausanne"},"image":{"@id":"https:\/\/www.bcu-lausanne.ch\/#\/schema\/logo\/image\/"},"sameAs":["https:\/\/www.facebook.com\/BCULausanne","https:\/\/x.com\/BCULausanne","https:\/\/www.instagram.com\/bculausanne\/","https:\/\/www.linkedin.com\/company\/bcu-lausanne\/","https:\/\/www.youtube.com\/channel\/UCdk4ItiYuWBJBz6yZnOPaEw"]},{"@type":"Person","@id":"https:\/\/www.bcu-lausanne.ch\/#\/schema\/person\/9a2a5f7cedfbd383b4abfda639040e7a","name":"Ramona Fritschi","image":{"@type":"ImageObject","inLanguage":"en-US","@id":"https:\/\/secure.gravatar.com\/avatar\/b08e5722eedd928b044121e467b518e4dee7a2fb265025b6b34be263f540f10b?s=96&d=mm&r=gc9bc32d4dec5aa1365aee8a4e06b044e","url":"https:\/\/secure.gravatar.com\/avatar\/b08e5722eedd928b044121e467b518e4dee7a2fb265025b6b34be263f540f10b?s=96&d=mm&r=g","contentUrl":"https:\/\/secure.gravatar.com\/avatar\/b08e5722eedd928b044121e467b518e4dee7a2fb265025b6b34be263f540f10b?s=96&d=mm&r=g","caption":"Ramona Fritschi"}}]}},"_links":{"self":[{"href":"https:\/\/www.bcu-lausanne.ch\/en\/wp-json\/wp\/v2\/posts\/40384","targetHints":{"allow":["GET"]}}],"collection":[{"href":"https:\/\/www.bcu-lausanne.ch\/en\/wp-json\/wp\/v2\/posts"}],"about":[{"href":"https:\/\/www.bcu-lausanne.ch\/en\/wp-json\/wp\/v2\/types\/post"}],"author":[{"embeddable":true,"href":"https:\/\/www.bcu-lausanne.ch\/en\/wp-json\/wp\/v2\/users\/71"}],"replies":[{"embeddable":true,"href":"https:\/\/www.bcu-lausanne.ch\/en\/wp-json\/wp\/v2\/comments?post=40384"}],"version-history":[{"count":1,"href":"https:\/\/www.bcu-lausanne.ch\/en\/wp-json\/wp\/v2\/posts\/40384\/revisions"}],"predecessor-version":[{"id":40386,"href":"https:\/\/www.bcu-lausanne.ch\/en\/wp-json\/wp\/v2\/posts\/40384\/revisions\/40386"}],"wp:featuredmedia":[{"embeddable":true,"href":"https:\/\/www.bcu-lausanne.ch\/en\/wp-json\/wp\/v2\/media\/19306"}],"wp:attachment":[{"href":"https:\/\/www.bcu-lausanne.ch\/en\/wp-json\/wp\/v2\/media?parent=40384"}],"wp:term":[{"taxonomy":"category","embeddable":true,"href":"https:\/\/www.bcu-lausanne.ch\/en\/wp-json\/wp\/v2\/categories?post=40384"},{"taxonomy":"author","embeddable":true,"href":"https:\/\/www.bcu-lausanne.ch\/en\/wp-json\/wp\/v2\/coauthors?post=40384"}],"curies":[{"name":"wp","href":"https:\/\/api.w.org\/{rel}","templated":true}]}}