{"id":40380,"date":"2025-06-19T11:15:06","date_gmt":"2025-06-19T09:15:06","guid":{"rendered":"https:\/\/www.bcu-lausanne.ch\/mouth-to-ear-summer-2021\/"},"modified":"2025-06-19T11:15:10","modified_gmt":"2025-06-19T09:15:10","slug":"mouth-to-ear-summer-2021","status":"publish","type":"post","link":"https:\/\/www.bcu-lausanne.ch\/en\/earplugs\/mouth-to-ear-summer-2021\/","title":{"rendered":"Mouth to ear &#8211; summer 2021"},"content":{"rendered":"\n<p>When our librarians are challenged, moved, amused, transported or transformed by a document, they like to share it with you. They do so through \u201cword-of-mouth\u201d bookmarks placed in the documents available on our various sites.  <\/p>\n\n<p>We&#8217;ve selected a few below to whet your appetite.<\/p>\n\n<h2 class=\"wp-block-heading\" id=\"h-livres\">Books<\/h2>\n\n<h3 class=\"wp-block-heading\" id=\"h-faire-l-auteur-en-regime-neo-liberal-rudiments-de-marketing-litteraire\"><strong><a href=\"https:\/\/renouvaud1.primo.exlibrisgroup.com\/permalink\/41BCULAUSA_LIB\/1vikse1\/alma991021383389302852\" target=\"_blank\" rel=\"noreferrer noopener\">Authoring in a neo-liberal regime: rudiments of literary marketing<\/a><\/strong><\/h3>\n\n<p><em>J\u00e9r\u00f4me Meizoz<\/em><\/p>\n\n<p>As a starting point, a provocative question: Is a writer just another vacuum cleaner salesman?<\/p>\n\n<p>In eleven chapters, J\u00e9r\u00f4me Meizoz describes the impact of industrial processes on literature since the 1970s. Writers are called upon to show off, to promote their work like managers. In this role &#8211; which he shares with other authors of entertainment literature &#8211; Jo\u00ebl Dicker fits easily.<\/p>\n\n<p>In an opposite role, Jean-Marc Lovay, creates a demanding work, acclaimed by specialists but unknown to the public.<\/p>\n\n<p>The question is: Can these two facets of literature coexist, or are we about to witness the downfall of biblio-diversity? J\u00e9r\u00f4me Meizoz makes a salutary case for a literature that expresses and thinks about complexity. <\/p>\n\n<p><strong>Patricia, Riponne site<\/strong><\/p>\n\n<p><a href=\"https:\/\/renouvaud1.primo.exlibrisgroup.com\/permalink\/41BCULAUSA_LIB\/1vikse1\/alma991021383389302852\" target=\"_blank\" rel=\"noreferrer noopener\">Borrowing paper<\/a> \/ <a href=\"https:\/\/renouvaud1.primo.exlibrisgroup.com\/permalink\/41BCULAUSA_LIB\/14n6fu8\/cdi_crossref_primary_10_1093_fs_knab059\" target=\"_blank\" rel=\"noreferrer noopener\">digital<\/a>books <\/p>\n\n<h3 class=\"wp-block-heading\" id=\"h-le-royaume-assassine\"><a href=\"https:\/\/renouvaud1.primo.exlibrisgroup.com\/permalink\/41BCULAUSA_LIB\/1vikse1\/alma991021451286302852\" target=\"_blank\" rel=\"noreferrer noopener\">The murdered kingdom<\/a><\/h3>\n\n<p><em>Alexandra Christo<\/em><\/p>\n\n<p>Lira, the ocean&#8217;s bloodiest mermaid, is punished by her mother, the tyrannical and cold Queen of the Seas.  <\/p>\n\n<p>Transformed and trapped under human guise, she has no choice but to bring him the heart of Prince Elian, the notorious mermaid killer. Otherwise, she&#8217;ll never find her fin and her kingdom. <\/p>\n\n<p>Murderous mermaids, a tyrannical, heartless queen and a pirate prince.<\/p>\n\n<p>The author plunges us effortlessly into the depths of her universe, with a well-paced tale full of magic, legends, fantastic creatures, sea voyages, grudges and ancient hatreds. It&#8217;s a story you won&#8217;t want to put down. <\/p>\n\n<p><strong>Elodie, Riponne site<\/strong><\/p>\n\n<p><a href=\"https:\/\/renouvaud1.primo.exlibrisgroup.com\/permalink\/41BCULAUSA_LIB\/1vikse1\/alma991021451286302852\" target=\"_blank\" rel=\"noreferrer noopener\">Borrowing<\/a><\/p>\n\n<h3 class=\"has-text-color wp-block-heading\" id=\"h-daishizen-l-art-japonais-de-ressentir-la-nature\" style=\"color:#9a0043\"><a href=\"https:\/\/renouvaud1.primo.exlibrisgroup.com\/permalink\/41BCULAUSA_LIB\/1vikse1\/alma991021275296502852\" target=\"_blank\" rel=\"noreferrer noopener\">Daishizen: the Japanese art of feeling nature<\/a><\/h3>\n\n<p><em>Nicolas Chauvat<\/em><\/p>\n\n<p>This book is a simultaneous discovery of Japanese thought and of a nature that invites us to look beyond itself.<\/p>\n\n<p>To sharpen our Western view, the author introduces us successively to Shintoism, Buddhism and Japanese poetry. The infinite becomes perceptible in the finite, through the world of \u201cspirits\u201d<em>(kamis<\/em>) and symbols that inhabit nature.   <\/p>\n\n<p>Spring is here: an excellent reason to bathe in nature, to soak it up, because \u201c[it] has never been disenchanted, it&#8217;s simply that we no longer learn to feel it\u201d.<\/p>\n\n<p><strong>Carole, Unith\u00e8que website<\/strong><\/p>\n\n<p><a href=\"https:\/\/renouvaud1.primo.exlibrisgroup.com\/permalink\/41BCULAUSA_LIB\/1vikse1\/alma991021275296502852\" target=\"_blank\" rel=\"noreferrer noopener\">Borrowing<\/a><\/p>\n\n<h3 class=\"has-text-color wp-block-heading\" id=\"h-jonas-fink\" style=\"color:#9a0043\">Jonas Fink<\/h3>\n\n<p><em>Vittorio Giardino<\/em><\/p>\n\n<p>I found the story particularly interesting and the drawing realistic and lively.<\/p>\n\n<p><strong>Thang, reader, Riponne site<\/strong><\/p>\n\n<p><a href=\"https:\/\/renouvaud1.primo.exlibrisgroup.com\/permalink\/41BCULAUSA_LIB\/1vikse1\/alma991021425397702852\" target=\"_blank\" rel=\"noreferrer noopener\">Borrowing paper<\/a> \/ <a href=\"https:\/\/bcu-lausanne.cantookstation.eu\/resources\/62c5218a5e69440001faaaf2\" target=\"_blank\" rel=\"noreferrer noopener\">digital<\/a>books <\/p>\n\n<h2 class=\"wp-block-heading\" id=\"h-musique\">Music<\/h2>\n\n<h3 class=\"wp-block-heading\" id=\"h-there-is-a-tide\"><a href=\"https:\/\/renouvaud1.primo.exlibrisgroup.com\/permalink\/41BCULAUSA_LIB\/1vikse1\/alma991021401636302852\" target=\"_blank\" rel=\"noreferrer noopener\">There is a tide<\/a><\/h3>\n\n<p><em>Chris Potter<\/em><\/p>\n\n<p>Confined, multi-instrumentalist Chris Potter set himself quite a challenge for his latest album. The result: Chris Potter on piano, Chris Potter on guitar, Chris Potter on bass, Chris Potter on clarinet, Chris Potter on flute, Chris Potter on drums and Chris Potter on saxophone. Just great!  <\/p>\n\n<p>&#8220;<em>From a technical point of view, making this recording required the use of many different skills, and I&#8217;ve never been so aware of my limits. On top of the difficulty of trying to get good performances on every instrument, there was the challenge of recording without a proper studio. And, most importantly, the need to let the big picture unfold as I went along, paying attention to detail while remaining focused on the goal of creating a coherent, unified whole.  <\/em>.&#8221;<\/p>\n\n<p><strong>Suzanne, Riponne site<\/strong><\/p>\n\n<p class=\"has-text-color\" style=\"color:#9a0043\"><a href=\"https:\/\/renouvaud1.primo.exlibrisgroup.com\/permalink\/41BCULAUSA_LIB\/1vikse1\/alma991021401636302852\" target=\"_blank\" rel=\"noreferrer noopener\">Borrowing<\/a><\/p>\n\n<h3 class=\"wp-block-heading\" id=\"h-alors-quoi\"><mark style=\"color:#9a0043\" class=\"has-inline-color\">So what<\/mark><\/h3>\n\n<p><em>Meril Wubslin<\/em><\/p>\n\n<p>Meril Wubslin is a trio from Lausanne made up of Val\u00e9rie Nideroest (Toboggan), Christian Gaucher-Garcia (Velma) and J\u00e9r\u00e9mie Conne (Toboggan, Rosqo). Founded some ten years ago, they are currently releasing their<sup>3rd<\/sup> album <em>Alors Quoi.<\/em> Obsessive melodies, sound research, a mix of repetitive music and choral singing accompanied by guitar and percussion, sometimes a trombone&#8230; Alors quoi? The album exudes an original atmosphere, and the lyrics are poetic and imaginative. What a discovery!   <\/p>\n\n<p><strong>Suzanne, Riponne site<\/strong><\/p>\n\n<p class=\"has-text-color\" style=\"color:#9a0043\"><a href=\"https:\/\/renouvaud1.primo.exlibrisgroup.com\/permalink\/41BCULAUSA_LIB\/1vikse1\/alma991021420680102852\" target=\"_blank\" rel=\"noreferrer noopener\">Borrow audio cd<\/a> \/ <a href=\"https:\/\/renouvaud1.primo.exlibrisgroup.com\/permalink\/41BCULAUSA_LIB\/1vikse1\/alma991021420680002852\" target=\"_blank\" rel=\"noreferrer noopener\">vinyl<\/a><\/p>\n\n<p><\/p>\n","protected":false},"excerpt":{"rendered":"<p>When BCUL librarians are challenged, jostled, amused, transported or transformed by a document, they like to share it with users. They do so through the \u201cBouches-\u00e0-oreille\u201d, bookmarks placed in the documents available on our various sites. We&#8217;ve selected a few below to inspire you to pay us a visit.<\/p>\n","protected":false},"author":92,"featured_media":11563,"comment_status":"open","ping_status":"open","sticky":false,"template":"","format":"standard","meta":{"_acf_changed":false,"_oasis_is_in_workflow":0,"_oasis_original":0,"_oasis_task_priority":"","footnotes":""},"categories":[1342],"coauthors":[882],"class_list":["post-40380","post","type-post","status-publish","format-standard","has-post-thumbnail","hentry","category-earplugs"],"acf":[],"yoast_head":"<!-- This site is optimized with the Yoast SEO plugin v27.5 - https:\/\/yoast.com\/product\/yoast-seo-wordpress\/ -->\n<title>Mouth to ear - summer 2021 - BCUL<\/title>\n<meta name=\"robots\" content=\"index, follow, max-snippet:-1, max-image-preview:large, max-video-preview:-1\" \/>\n<link rel=\"canonical\" href=\"https:\/\/www.bcu-lausanne.ch\/en\/earplugs\/mouth-to-ear-summer-2021\/\" \/>\n<meta property=\"og:locale\" content=\"en_US\" \/>\n<meta property=\"og:type\" content=\"article\" \/>\n<meta property=\"og:title\" content=\"Mouth to ear - summer 2021 - BCUL\" \/>\n<meta property=\"og:description\" content=\"When BCUL librarians are challenged, jostled, amused, transported or transformed by a document, they like to share it with users. They do so through the \u201cBouches-\u00e0-oreille\u201d, bookmarks placed in the documents available on our various sites. We&#039;ve selected a few below to inspire you to pay us a visit.\" \/>\n<meta property=\"og:url\" content=\"https:\/\/www.bcu-lausanne.ch\/en\/earplugs\/mouth-to-ear-summer-2021\/\" \/>\n<meta property=\"og:site_name\" content=\"BCUL\" \/>\n<meta property=\"article:publisher\" content=\"https:\/\/www.facebook.com\/BCULausanne\" \/>\n<meta property=\"article:published_time\" content=\"2025-06-19T09:15:06+00:00\" \/>\n<meta property=\"article:modified_time\" content=\"2025-06-19T09:15:10+00:00\" \/>\n<meta property=\"og:image\" content=\"https:\/\/www.bcu-lausanne.ch\/wp-content\/uploads\/2020\/11\/blog_bao_1100x395_3.jpg\" \/>\n\t<meta property=\"og:image:width\" content=\"1100\" \/>\n\t<meta property=\"og:image:height\" content=\"395\" \/>\n\t<meta property=\"og:image:type\" content=\"image\/jpeg\" \/>\n<meta name=\"author\" content=\"Maaike Vautier\" \/>\n<meta name=\"twitter:card\" content=\"summary_large_image\" \/>\n<meta name=\"twitter:creator\" content=\"@BCULausanne\" \/>\n<meta name=\"twitter:site\" content=\"@BCULausanne\" \/>\n<meta name=\"twitter:label1\" content=\"Written by\" \/>\n\t<meta name=\"twitter:data1\" content=\"Maaike Vautier\" \/>\n\t<meta name=\"twitter:label2\" content=\"Est. reading time\" \/>\n\t<meta name=\"twitter:data2\" content=\"3 minutes\" \/>\n<script type=\"application\/ld+json\" class=\"yoast-schema-graph\">{\"@context\":\"https:\\\/\\\/schema.org\",\"@graph\":[{\"@type\":\"Article\",\"@id\":\"https:\\\/\\\/www.bcu-lausanne.ch\\\/en\\\/earplugs\\\/mouth-to-ear-summer-2021\\\/#article\",\"isPartOf\":{\"@id\":\"https:\\\/\\\/www.bcu-lausanne.ch\\\/en\\\/earplugs\\\/mouth-to-ear-summer-2021\\\/\"},\"author\":{\"name\":\"Maaike Vautier\",\"@id\":\"https:\\\/\\\/www.bcu-lausanne.ch\\\/#\\\/schema\\\/person\\\/34fa23b7e201380bbd4e00e764b9dd9d\"},\"headline\":\"Mouth to ear &#8211; summer 2021\",\"datePublished\":\"2025-06-19T09:15:06+00:00\",\"dateModified\":\"2025-06-19T09:15:10+00:00\",\"mainEntityOfPage\":{\"@id\":\"https:\\\/\\\/www.bcu-lausanne.ch\\\/en\\\/earplugs\\\/mouth-to-ear-summer-2021\\\/\"},\"wordCount\":646,\"commentCount\":0,\"publisher\":{\"@id\":\"https:\\\/\\\/www.bcu-lausanne.ch\\\/#organization\"},\"image\":{\"@id\":\"https:\\\/\\\/www.bcu-lausanne.ch\\\/en\\\/earplugs\\\/mouth-to-ear-summer-2021\\\/#primaryimage\"},\"thumbnailUrl\":\"https:\\\/\\\/www.bcu-lausanne.ch\\\/wp-content\\\/uploads\\\/2020\\\/11\\\/blog_bao_1100x395_3.jpg\",\"articleSection\":[\"Earplugs\"],\"inLanguage\":\"en-US\",\"potentialAction\":[{\"@type\":\"CommentAction\",\"name\":\"Comment\",\"target\":[\"https:\\\/\\\/www.bcu-lausanne.ch\\\/en\\\/earplugs\\\/mouth-to-ear-summer-2021\\\/#respond\"]}]},{\"@type\":\"WebPage\",\"@id\":\"https:\\\/\\\/www.bcu-lausanne.ch\\\/en\\\/earplugs\\\/mouth-to-ear-summer-2021\\\/\",\"url\":\"https:\\\/\\\/www.bcu-lausanne.ch\\\/en\\\/earplugs\\\/mouth-to-ear-summer-2021\\\/\",\"name\":\"Mouth to ear - summer 2021 - BCUL\",\"isPartOf\":{\"@id\":\"https:\\\/\\\/www.bcu-lausanne.ch\\\/#website\"},\"primaryImageOfPage\":{\"@id\":\"https:\\\/\\\/www.bcu-lausanne.ch\\\/en\\\/earplugs\\\/mouth-to-ear-summer-2021\\\/#primaryimage\"},\"image\":{\"@id\":\"https:\\\/\\\/www.bcu-lausanne.ch\\\/en\\\/earplugs\\\/mouth-to-ear-summer-2021\\\/#primaryimage\"},\"thumbnailUrl\":\"https:\\\/\\\/www.bcu-lausanne.ch\\\/wp-content\\\/uploads\\\/2020\\\/11\\\/blog_bao_1100x395_3.jpg\",\"datePublished\":\"2025-06-19T09:15:06+00:00\",\"dateModified\":\"2025-06-19T09:15:10+00:00\",\"breadcrumb\":{\"@id\":\"https:\\\/\\\/www.bcu-lausanne.ch\\\/en\\\/earplugs\\\/mouth-to-ear-summer-2021\\\/#breadcrumb\"},\"inLanguage\":\"en-US\",\"potentialAction\":[{\"@type\":\"ReadAction\",\"target\":[\"https:\\\/\\\/www.bcu-lausanne.ch\\\/en\\\/earplugs\\\/mouth-to-ear-summer-2021\\\/\"]}]},{\"@type\":\"ImageObject\",\"inLanguage\":\"en-US\",\"@id\":\"https:\\\/\\\/www.bcu-lausanne.ch\\\/en\\\/earplugs\\\/mouth-to-ear-summer-2021\\\/#primaryimage\",\"url\":\"https:\\\/\\\/www.bcu-lausanne.ch\\\/wp-content\\\/uploads\\\/2020\\\/11\\\/blog_bao_1100x395_3.jpg\",\"contentUrl\":\"https:\\\/\\\/www.bcu-lausanne.ch\\\/wp-content\\\/uploads\\\/2020\\\/11\\\/blog_bao_1100x395_3.jpg\",\"width\":1100,\"height\":395,\"caption\":\"Un dessin de bouche souriante sur fond beige.\"},{\"@type\":\"BreadcrumbList\",\"@id\":\"https:\\\/\\\/www.bcu-lausanne.ch\\\/en\\\/earplugs\\\/mouth-to-ear-summer-2021\\\/#breadcrumb\",\"itemListElement\":[{\"@type\":\"ListItem\",\"position\":1,\"name\":\"Accueil\",\"item\":\"https:\\\/\\\/www.bcu-lausanne.ch\\\/en\\\/\"},{\"@type\":\"ListItem\",\"position\":2,\"name\":\"Mouth to ear &#8211; summer 2021\"}]},{\"@type\":\"WebSite\",\"@id\":\"https:\\\/\\\/www.bcu-lausanne.ch\\\/#website\",\"url\":\"https:\\\/\\\/www.bcu-lausanne.ch\\\/\",\"name\":\"BCUL\",\"description\":\"Biblioth\u00e8que cantonale et universitaire - Lausanne\",\"publisher\":{\"@id\":\"https:\\\/\\\/www.bcu-lausanne.ch\\\/#organization\"},\"potentialAction\":[{\"@type\":\"SearchAction\",\"target\":{\"@type\":\"EntryPoint\",\"urlTemplate\":\"https:\\\/\\\/www.bcu-lausanne.ch\\\/?s={search_term_string}\"},\"query-input\":{\"@type\":\"PropertyValueSpecification\",\"valueRequired\":true,\"valueName\":\"search_term_string\"}}],\"inLanguage\":\"en-US\"},{\"@type\":\"Organization\",\"@id\":\"https:\\\/\\\/www.bcu-lausanne.ch\\\/#organization\",\"name\":\"BCU Lausanne\",\"url\":\"https:\\\/\\\/www.bcu-lausanne.ch\\\/\",\"logo\":{\"@type\":\"ImageObject\",\"inLanguage\":\"en-US\",\"@id\":\"https:\\\/\\\/www.bcu-lausanne.ch\\\/#\\\/schema\\\/logo\\\/image\\\/\",\"url\":\"https:\\\/\\\/www.bcu-lausanne.ch\\\/wp-content\\\/uploads\\\/2020\\\/05\\\/bcul-logo-rvb.png\",\"contentUrl\":\"https:\\\/\\\/www.bcu-lausanne.ch\\\/wp-content\\\/uploads\\\/2020\\\/05\\\/bcul-logo-rvb.png\",\"width\":1535,\"height\":1181,\"caption\":\"BCU Lausanne\"},\"image\":{\"@id\":\"https:\\\/\\\/www.bcu-lausanne.ch\\\/#\\\/schema\\\/logo\\\/image\\\/\"},\"sameAs\":[\"https:\\\/\\\/www.facebook.com\\\/BCULausanne\",\"https:\\\/\\\/x.com\\\/BCULausanne\",\"https:\\\/\\\/www.instagram.com\\\/bculausanne\\\/\",\"https:\\\/\\\/www.linkedin.com\\\/company\\\/bcu-lausanne\\\/\",\"https:\\\/\\\/www.youtube.com\\\/channel\\\/UCdk4ItiYuWBJBz6yZnOPaEw\"]},{\"@type\":\"Person\",\"@id\":\"https:\\\/\\\/www.bcu-lausanne.ch\\\/#\\\/schema\\\/person\\\/34fa23b7e201380bbd4e00e764b9dd9d\",\"name\":\"Maaike Vautier\",\"image\":{\"@type\":\"ImageObject\",\"inLanguage\":\"en-US\",\"@id\":\"https:\\\/\\\/secure.gravatar.com\\\/avatar\\\/500a0a5c4003b6990027178b38f4f429d851f589737bb5fa8c15ecad2730787b?s=96&d=mm&r=gff9dbfa4bdcb7cc9aeda4b1d797d41e2\",\"url\":\"https:\\\/\\\/secure.gravatar.com\\\/avatar\\\/500a0a5c4003b6990027178b38f4f429d851f589737bb5fa8c15ecad2730787b?s=96&d=mm&r=g\",\"contentUrl\":\"https:\\\/\\\/secure.gravatar.com\\\/avatar\\\/500a0a5c4003b6990027178b38f4f429d851f589737bb5fa8c15ecad2730787b?s=96&d=mm&r=g\",\"caption\":\"Maaike Vautier\"}}]}<\/script>\n<!-- \/ Yoast SEO plugin. -->","yoast_head_json":{"title":"Mouth to ear - summer 2021 - BCUL","robots":{"index":"index","follow":"follow","max-snippet":"max-snippet:-1","max-image-preview":"max-image-preview:large","max-video-preview":"max-video-preview:-1"},"canonical":"https:\/\/www.bcu-lausanne.ch\/en\/earplugs\/mouth-to-ear-summer-2021\/","og_locale":"en_US","og_type":"article","og_title":"Mouth to ear - summer 2021 - BCUL","og_description":"When BCUL librarians are challenged, jostled, amused, transported or transformed by a document, they like to share it with users. They do so through the \u201cBouches-\u00e0-oreille\u201d, bookmarks placed in the documents available on our various sites. We've selected a few below to inspire you to pay us a visit.","og_url":"https:\/\/www.bcu-lausanne.ch\/en\/earplugs\/mouth-to-ear-summer-2021\/","og_site_name":"BCUL","article_publisher":"https:\/\/www.facebook.com\/BCULausanne","article_published_time":"2025-06-19T09:15:06+00:00","article_modified_time":"2025-06-19T09:15:10+00:00","og_image":[{"width":1100,"height":395,"url":"https:\/\/www.bcu-lausanne.ch\/wp-content\/uploads\/2020\/11\/blog_bao_1100x395_3.jpg","type":"image\/jpeg"}],"author":"Maaike Vautier","twitter_card":"summary_large_image","twitter_creator":"@BCULausanne","twitter_site":"@BCULausanne","twitter_misc":{"Written by":"Maaike Vautier","Est. reading time":"3 minutes"},"schema":{"@context":"https:\/\/schema.org","@graph":[{"@type":"Article","@id":"https:\/\/www.bcu-lausanne.ch\/en\/earplugs\/mouth-to-ear-summer-2021\/#article","isPartOf":{"@id":"https:\/\/www.bcu-lausanne.ch\/en\/earplugs\/mouth-to-ear-summer-2021\/"},"author":{"name":"Maaike Vautier","@id":"https:\/\/www.bcu-lausanne.ch\/#\/schema\/person\/34fa23b7e201380bbd4e00e764b9dd9d"},"headline":"Mouth to ear &#8211; summer 2021","datePublished":"2025-06-19T09:15:06+00:00","dateModified":"2025-06-19T09:15:10+00:00","mainEntityOfPage":{"@id":"https:\/\/www.bcu-lausanne.ch\/en\/earplugs\/mouth-to-ear-summer-2021\/"},"wordCount":646,"commentCount":0,"publisher":{"@id":"https:\/\/www.bcu-lausanne.ch\/#organization"},"image":{"@id":"https:\/\/www.bcu-lausanne.ch\/en\/earplugs\/mouth-to-ear-summer-2021\/#primaryimage"},"thumbnailUrl":"https:\/\/www.bcu-lausanne.ch\/wp-content\/uploads\/2020\/11\/blog_bao_1100x395_3.jpg","articleSection":["Earplugs"],"inLanguage":"en-US","potentialAction":[{"@type":"CommentAction","name":"Comment","target":["https:\/\/www.bcu-lausanne.ch\/en\/earplugs\/mouth-to-ear-summer-2021\/#respond"]}]},{"@type":"WebPage","@id":"https:\/\/www.bcu-lausanne.ch\/en\/earplugs\/mouth-to-ear-summer-2021\/","url":"https:\/\/www.bcu-lausanne.ch\/en\/earplugs\/mouth-to-ear-summer-2021\/","name":"Mouth to ear - summer 2021 - BCUL","isPartOf":{"@id":"https:\/\/www.bcu-lausanne.ch\/#website"},"primaryImageOfPage":{"@id":"https:\/\/www.bcu-lausanne.ch\/en\/earplugs\/mouth-to-ear-summer-2021\/#primaryimage"},"image":{"@id":"https:\/\/www.bcu-lausanne.ch\/en\/earplugs\/mouth-to-ear-summer-2021\/#primaryimage"},"thumbnailUrl":"https:\/\/www.bcu-lausanne.ch\/wp-content\/uploads\/2020\/11\/blog_bao_1100x395_3.jpg","datePublished":"2025-06-19T09:15:06+00:00","dateModified":"2025-06-19T09:15:10+00:00","breadcrumb":{"@id":"https:\/\/www.bcu-lausanne.ch\/en\/earplugs\/mouth-to-ear-summer-2021\/#breadcrumb"},"inLanguage":"en-US","potentialAction":[{"@type":"ReadAction","target":["https:\/\/www.bcu-lausanne.ch\/en\/earplugs\/mouth-to-ear-summer-2021\/"]}]},{"@type":"ImageObject","inLanguage":"en-US","@id":"https:\/\/www.bcu-lausanne.ch\/en\/earplugs\/mouth-to-ear-summer-2021\/#primaryimage","url":"https:\/\/www.bcu-lausanne.ch\/wp-content\/uploads\/2020\/11\/blog_bao_1100x395_3.jpg","contentUrl":"https:\/\/www.bcu-lausanne.ch\/wp-content\/uploads\/2020\/11\/blog_bao_1100x395_3.jpg","width":1100,"height":395,"caption":"Un dessin de bouche souriante sur fond beige."},{"@type":"BreadcrumbList","@id":"https:\/\/www.bcu-lausanne.ch\/en\/earplugs\/mouth-to-ear-summer-2021\/#breadcrumb","itemListElement":[{"@type":"ListItem","position":1,"name":"Accueil","item":"https:\/\/www.bcu-lausanne.ch\/en\/"},{"@type":"ListItem","position":2,"name":"Mouth to ear &#8211; summer 2021"}]},{"@type":"WebSite","@id":"https:\/\/www.bcu-lausanne.ch\/#website","url":"https:\/\/www.bcu-lausanne.ch\/","name":"BCUL","description":"Biblioth\u00e8que cantonale et universitaire - Lausanne","publisher":{"@id":"https:\/\/www.bcu-lausanne.ch\/#organization"},"potentialAction":[{"@type":"SearchAction","target":{"@type":"EntryPoint","urlTemplate":"https:\/\/www.bcu-lausanne.ch\/?s={search_term_string}"},"query-input":{"@type":"PropertyValueSpecification","valueRequired":true,"valueName":"search_term_string"}}],"inLanguage":"en-US"},{"@type":"Organization","@id":"https:\/\/www.bcu-lausanne.ch\/#organization","name":"BCU Lausanne","url":"https:\/\/www.bcu-lausanne.ch\/","logo":{"@type":"ImageObject","inLanguage":"en-US","@id":"https:\/\/www.bcu-lausanne.ch\/#\/schema\/logo\/image\/","url":"https:\/\/www.bcu-lausanne.ch\/wp-content\/uploads\/2020\/05\/bcul-logo-rvb.png","contentUrl":"https:\/\/www.bcu-lausanne.ch\/wp-content\/uploads\/2020\/05\/bcul-logo-rvb.png","width":1535,"height":1181,"caption":"BCU Lausanne"},"image":{"@id":"https:\/\/www.bcu-lausanne.ch\/#\/schema\/logo\/image\/"},"sameAs":["https:\/\/www.facebook.com\/BCULausanne","https:\/\/x.com\/BCULausanne","https:\/\/www.instagram.com\/bculausanne\/","https:\/\/www.linkedin.com\/company\/bcu-lausanne\/","https:\/\/www.youtube.com\/channel\/UCdk4ItiYuWBJBz6yZnOPaEw"]},{"@type":"Person","@id":"https:\/\/www.bcu-lausanne.ch\/#\/schema\/person\/34fa23b7e201380bbd4e00e764b9dd9d","name":"Maaike Vautier","image":{"@type":"ImageObject","inLanguage":"en-US","@id":"https:\/\/secure.gravatar.com\/avatar\/500a0a5c4003b6990027178b38f4f429d851f589737bb5fa8c15ecad2730787b?s=96&d=mm&r=gff9dbfa4bdcb7cc9aeda4b1d797d41e2","url":"https:\/\/secure.gravatar.com\/avatar\/500a0a5c4003b6990027178b38f4f429d851f589737bb5fa8c15ecad2730787b?s=96&d=mm&r=g","contentUrl":"https:\/\/secure.gravatar.com\/avatar\/500a0a5c4003b6990027178b38f4f429d851f589737bb5fa8c15ecad2730787b?s=96&d=mm&r=g","caption":"Maaike Vautier"}}]}},"_links":{"self":[{"href":"https:\/\/www.bcu-lausanne.ch\/en\/wp-json\/wp\/v2\/posts\/40380","targetHints":{"allow":["GET"]}}],"collection":[{"href":"https:\/\/www.bcu-lausanne.ch\/en\/wp-json\/wp\/v2\/posts"}],"about":[{"href":"https:\/\/www.bcu-lausanne.ch\/en\/wp-json\/wp\/v2\/types\/post"}],"author":[{"embeddable":true,"href":"https:\/\/www.bcu-lausanne.ch\/en\/wp-json\/wp\/v2\/users\/92"}],"replies":[{"embeddable":true,"href":"https:\/\/www.bcu-lausanne.ch\/en\/wp-json\/wp\/v2\/comments?post=40380"}],"version-history":[{"count":1,"href":"https:\/\/www.bcu-lausanne.ch\/en\/wp-json\/wp\/v2\/posts\/40380\/revisions"}],"predecessor-version":[{"id":40382,"href":"https:\/\/www.bcu-lausanne.ch\/en\/wp-json\/wp\/v2\/posts\/40380\/revisions\/40382"}],"wp:featuredmedia":[{"embeddable":true,"href":"https:\/\/www.bcu-lausanne.ch\/en\/wp-json\/wp\/v2\/media\/11563"}],"wp:attachment":[{"href":"https:\/\/www.bcu-lausanne.ch\/en\/wp-json\/wp\/v2\/media?parent=40380"}],"wp:term":[{"taxonomy":"category","embeddable":true,"href":"https:\/\/www.bcu-lausanne.ch\/en\/wp-json\/wp\/v2\/categories?post=40380"},{"taxonomy":"author","embeddable":true,"href":"https:\/\/www.bcu-lausanne.ch\/en\/wp-json\/wp\/v2\/coauthors?post=40380"}],"curies":[{"name":"wp","href":"https:\/\/api.w.org\/{rel}","templated":true}]}}