{"id":40369,"date":"2025-06-19T11:15:03","date_gmt":"2025-06-19T09:15:03","guid":{"rendered":"https:\/\/www.bcu-lausanne.ch\/mouth-to-ear-autumn-2021\/"},"modified":"2025-06-19T11:15:09","modified_gmt":"2025-06-19T09:15:09","slug":"mouth-to-ear-autumn-2021","status":"publish","type":"post","link":"https:\/\/www.bcu-lausanne.ch\/en\/earplugs\/mouth-to-ear-autumn-2021\/","title":{"rendered":"Mouth to ear &#8211; autumn 2021"},"content":{"rendered":"\n<p>When our librarians are challenged, moved, amused, transported or transformed by a document, they like to share it with you. They do this through \u201cWord of Mouth\u201d, bookmarks placed in the documents available on our different sites.   <\/p>\n\n<p>We&#8217;ve selected a few below to whet your appetite.<\/p>\n\n<h2 class=\"wp-block-heading\" id=\"h-livres\">Books<\/h2>\n\n<h3 class=\"wp-block-heading\" id=\"h-le-voyage-de-p-n-lope\"><a href=\"https:\/\/renouvaud1.primo.exlibrisgroup.com\/permalink\/41BCULAUSA_LIB\/1vikse1\/alma991021401643602852\" target=\"_blank\" rel=\"noreferrer noopener\">Penelope&#8217;s journey<\/a><\/h3>\n\n<p><em>Marie Robert<\/em><\/p>\n\n<p>Marie Robert is the teacher who makes <a href=\"http:\/\/www.philosophyissexy.fr\" target=\"_blank\" rel=\"noreferrer noopener\">philosophy sexy<\/a>. Passionate, she invites the \u201cgreat\u201d authors into our daily lives. Penelope, the heroine of her novel, is leaving. She runs away from her life, clinging to her namesake as she sets sail for Ithaca.   <\/p>\n\n<p>In Greece, she encountered philosophy through discussions in which she struggled to feel really at ease. This did not stop her from embarking on a journey across Europe, where she met people who shared with her their passion for the history of ideas. These ideas will gradually permeate Penelope&#8217;s life, giving her new perspectives until she finds her place and gets involved in a concrete project that will thrill her.  <\/p>\n\n<p><strong>Carole, Unith\u00e8que website<\/strong><\/p>\n\n<p><a href=\"https:\/\/renouvaud1.primo.exlibrisgroup.com\/permalink\/41BCULAUSA_LIB\/1vikse1\/alma991021401643602852\" target=\"_blank\" rel=\"noreferrer noopener\">Borrowing<\/a><\/p>\n\n<h3 class=\"has-text-color wp-block-heading\" id=\"h-ainsi-nous-leur-faisons-la-guerre\" style=\"color:#9a0043\">So we wage war against them<\/h3>\n\n<p><em>Joseph Andras<\/em><\/p>\n\n<p>In 2016, Joseph Andras published <em>De nos fr\u00e8res bless\u00e9s<\/em>, dedicated to Fernand Iveton, a pied-noir worker and independence fighter who was guillotined on February 11, 1957. Winner of the Goncourt prize for first novel, he wrote to the Acad\u00e9mie to refuse the prize and the cheque, justifying his decision by declaring that \u201ccompetition, rivalry and rivalry are, in my eyes, notions alien to writing and creation\u201d. Moreover, he shied away from media attention, refusing to appear publicly.    <\/p>\n\n<p>With this new opus &#8211; others have been written in the meantime<em> &#8211; <\/em>he continues his impeccably documented indictment of the workings of oppression, broadening the scope to include animal domination, and, in three stories and temporalities, questions the ambiguity of our relationship with the living, without pathos. Writing as combat. <\/p>\n\n<p><strong>Patricia, Riponne site<\/strong><\/p>\n\n<p><a href=\"https:\/\/renouvaud1.primo.exlibrisgroup.com\/permalink\/41BCULAUSA_LIB\/1vikse1\/alma991021442098102852\" target=\"_blank\" rel=\"noreferrer noopener\">Borrow paper books<\/a> \/ <a href=\"https:\/\/bcu-lausanne.cantookstation.eu\/resources\/6076817023579442e1ae149f\" target=\"_blank\" rel=\"noreferrer noopener\">borrow digital books<\/a><\/p>\n\n<h3 class=\"has-text-color wp-block-heading\" id=\"h-petit-pays\" style=\"color:#9a0043\">Little Country<\/h3>\n\n<p><em>Ga\u00ebl Faye<\/em><\/p>\n\n<p>Ga\u00ebl Faye may be a singer, but he is first and foremost a poet, a lover of words. Inspired by his own life, his novel takes us to Burundi, to a childhood that we would like to be able to protect from the political events that broke out there in 1993. With a Rwandan mother and a French father, Gabriel, the protagonist, will try to remain a child for as long as possible, as calls for hatred fly around him.  <\/p>\n\n<p>The scenes of life are meticulously described, and you feel like you&#8217;re there&#8230; then suddenly everything seems to go wrong, and the ferocity of men intrudes on the reality of a young boy, who has to make his own choices, if that&#8217;s possible at all.<\/p>\n\n<p>Years later, the choice is to return home, for the hero, but also for Ga\u00ebl Faye, who writes, in the song with the same title as the book:<em>&#8220;Je suis semence d&#8217;exil d&#8217;un r\u00e9sidu d&#8217;\u00e9toile filante<\/em>&#8221; (<em>&#8220;I am the seed of exile from a residue of a shooting star<\/em>&#8220;).<\/p>\n\n<p><strong>Carole, Unith\u00e8que website<\/strong><\/p>\n\n<p><a href=\"https:\/\/bcu-lausanne.cantookstation.eu\/resources\/57c91fe52357944be566559f\" target=\"_blank\" rel=\"noreferrer noopener\">Borrow digital book<\/a> \/ <a href=\"https:\/\/renouvaud1.primo.exlibrisgroup.com\/permalink\/41BCULAUSA_LIB\/1vikse1\/alma991021085399202852\" target=\"_blank\" rel=\"noreferrer noopener\">Paper book<\/a> \/ <a href=\"https:\/\/renouvaud1.primo.exlibrisgroup.com\/permalink\/41BCULAUSA_LIB\/1vikse1\/alma991021095538302852\" target=\"_blank\" rel=\"noreferrer noopener\">Large print<\/a> \/ <a href=\"https:\/\/renouvaud1.primo.exlibrisgroup.com\/permalink\/41BCULAUSA_LIB\/1vikse1\/alma991021109529002852\" target=\"_blank\" rel=\"noreferrer noopener\">Recorded literature<\/a> \/ <a href=\"https:\/\/renouvaud1.primo.exlibrisgroup.com\/permalink\/41BCULAUSA_LIB\/1vikse1\/alma991021410298402852\" target=\"_blank\" rel=\"noreferrer noopener\">Film<\/a><\/p>\n","protected":false},"excerpt":{"rendered":"<p>When BCUL librarians are challenged, jostled, amused, transported or transformed by a document, they like to share it with users. They do this through \u201cBouches-\u00e0-oreille\u201d, bookmarks placed in the documents available on our various sites. We&#8217;ve selected a few below to inspire you to pay us a visit.  <\/p>\n","protected":false},"author":92,"featured_media":11563,"comment_status":"open","ping_status":"open","sticky":false,"template":"","format":"standard","meta":{"_acf_changed":false,"_oasis_is_in_workflow":0,"_oasis_original":0,"_oasis_task_priority":"","footnotes":""},"categories":[1342],"coauthors":[882],"class_list":["post-40369","post","type-post","status-publish","format-standard","has-post-thumbnail","hentry","category-earplugs"],"acf":[],"yoast_head":"<!-- This site is optimized with the Yoast SEO plugin v27.5 - https:\/\/yoast.com\/product\/yoast-seo-wordpress\/ -->\n<title>Mouth to ear - autumn 2021 - BCUL<\/title>\n<meta name=\"robots\" content=\"index, follow, max-snippet:-1, max-image-preview:large, max-video-preview:-1\" \/>\n<link rel=\"canonical\" href=\"https:\/\/www.bcu-lausanne.ch\/en\/earplugs\/mouth-to-ear-autumn-2021\/\" \/>\n<meta property=\"og:locale\" content=\"en_US\" \/>\n<meta property=\"og:type\" content=\"article\" \/>\n<meta property=\"og:title\" content=\"Mouth to ear - autumn 2021 - BCUL\" \/>\n<meta property=\"og:description\" content=\"When BCUL librarians are challenged, jostled, amused, transported or transformed by a document, they like to share it with users. They do this through \u201cBouches-\u00e0-oreille\u201d, bookmarks placed in the documents available on our various sites. We&#039;ve selected a few below to inspire you to pay us a visit.\" \/>\n<meta property=\"og:url\" content=\"https:\/\/www.bcu-lausanne.ch\/en\/earplugs\/mouth-to-ear-autumn-2021\/\" \/>\n<meta property=\"og:site_name\" content=\"BCUL\" \/>\n<meta property=\"article:publisher\" content=\"https:\/\/www.facebook.com\/BCULausanne\" \/>\n<meta property=\"article:published_time\" content=\"2025-06-19T09:15:03+00:00\" \/>\n<meta property=\"article:modified_time\" content=\"2025-06-19T09:15:09+00:00\" \/>\n<meta property=\"og:image\" content=\"https:\/\/www.bcu-lausanne.ch\/wp-content\/uploads\/2020\/11\/blog_bao_1100x395_3.jpg\" \/>\n\t<meta property=\"og:image:width\" content=\"1100\" \/>\n\t<meta property=\"og:image:height\" content=\"395\" \/>\n\t<meta property=\"og:image:type\" content=\"image\/jpeg\" \/>\n<meta name=\"author\" content=\"Maaike Vautier\" \/>\n<meta name=\"twitter:card\" content=\"summary_large_image\" \/>\n<meta name=\"twitter:creator\" content=\"@BCULausanne\" \/>\n<meta name=\"twitter:site\" content=\"@BCULausanne\" \/>\n<meta name=\"twitter:label1\" content=\"Written by\" \/>\n\t<meta name=\"twitter:data1\" content=\"Maaike Vautier\" \/>\n\t<meta name=\"twitter:label2\" content=\"Est. reading time\" \/>\n\t<meta name=\"twitter:data2\" content=\"3 minutes\" \/>\n<script type=\"application\/ld+json\" class=\"yoast-schema-graph\">{\"@context\":\"https:\\\/\\\/schema.org\",\"@graph\":[{\"@type\":\"Article\",\"@id\":\"https:\\\/\\\/www.bcu-lausanne.ch\\\/en\\\/earplugs\\\/mouth-to-ear-autumn-2021\\\/#article\",\"isPartOf\":{\"@id\":\"https:\\\/\\\/www.bcu-lausanne.ch\\\/en\\\/earplugs\\\/mouth-to-ear-autumn-2021\\\/\"},\"author\":{\"name\":\"Maaike Vautier\",\"@id\":\"https:\\\/\\\/www.bcu-lausanne.ch\\\/#\\\/schema\\\/person\\\/34fa23b7e201380bbd4e00e764b9dd9d\"},\"headline\":\"Mouth to ear &#8211; autumn 2021\",\"datePublished\":\"2025-06-19T09:15:03+00:00\",\"dateModified\":\"2025-06-19T09:15:09+00:00\",\"mainEntityOfPage\":{\"@id\":\"https:\\\/\\\/www.bcu-lausanne.ch\\\/en\\\/earplugs\\\/mouth-to-ear-autumn-2021\\\/\"},\"wordCount\":522,\"commentCount\":0,\"publisher\":{\"@id\":\"https:\\\/\\\/www.bcu-lausanne.ch\\\/#organization\"},\"image\":{\"@id\":\"https:\\\/\\\/www.bcu-lausanne.ch\\\/en\\\/earplugs\\\/mouth-to-ear-autumn-2021\\\/#primaryimage\"},\"thumbnailUrl\":\"https:\\\/\\\/www.bcu-lausanne.ch\\\/wp-content\\\/uploads\\\/2020\\\/11\\\/blog_bao_1100x395_3.jpg\",\"articleSection\":[\"Earplugs\"],\"inLanguage\":\"en-US\",\"potentialAction\":[{\"@type\":\"CommentAction\",\"name\":\"Comment\",\"target\":[\"https:\\\/\\\/www.bcu-lausanne.ch\\\/en\\\/earplugs\\\/mouth-to-ear-autumn-2021\\\/#respond\"]}]},{\"@type\":\"WebPage\",\"@id\":\"https:\\\/\\\/www.bcu-lausanne.ch\\\/en\\\/earplugs\\\/mouth-to-ear-autumn-2021\\\/\",\"url\":\"https:\\\/\\\/www.bcu-lausanne.ch\\\/en\\\/earplugs\\\/mouth-to-ear-autumn-2021\\\/\",\"name\":\"Mouth to ear - autumn 2021 - BCUL\",\"isPartOf\":{\"@id\":\"https:\\\/\\\/www.bcu-lausanne.ch\\\/#website\"},\"primaryImageOfPage\":{\"@id\":\"https:\\\/\\\/www.bcu-lausanne.ch\\\/en\\\/earplugs\\\/mouth-to-ear-autumn-2021\\\/#primaryimage\"},\"image\":{\"@id\":\"https:\\\/\\\/www.bcu-lausanne.ch\\\/en\\\/earplugs\\\/mouth-to-ear-autumn-2021\\\/#primaryimage\"},\"thumbnailUrl\":\"https:\\\/\\\/www.bcu-lausanne.ch\\\/wp-content\\\/uploads\\\/2020\\\/11\\\/blog_bao_1100x395_3.jpg\",\"datePublished\":\"2025-06-19T09:15:03+00:00\",\"dateModified\":\"2025-06-19T09:15:09+00:00\",\"breadcrumb\":{\"@id\":\"https:\\\/\\\/www.bcu-lausanne.ch\\\/en\\\/earplugs\\\/mouth-to-ear-autumn-2021\\\/#breadcrumb\"},\"inLanguage\":\"en-US\",\"potentialAction\":[{\"@type\":\"ReadAction\",\"target\":[\"https:\\\/\\\/www.bcu-lausanne.ch\\\/en\\\/earplugs\\\/mouth-to-ear-autumn-2021\\\/\"]}]},{\"@type\":\"ImageObject\",\"inLanguage\":\"en-US\",\"@id\":\"https:\\\/\\\/www.bcu-lausanne.ch\\\/en\\\/earplugs\\\/mouth-to-ear-autumn-2021\\\/#primaryimage\",\"url\":\"https:\\\/\\\/www.bcu-lausanne.ch\\\/wp-content\\\/uploads\\\/2020\\\/11\\\/blog_bao_1100x395_3.jpg\",\"contentUrl\":\"https:\\\/\\\/www.bcu-lausanne.ch\\\/wp-content\\\/uploads\\\/2020\\\/11\\\/blog_bao_1100x395_3.jpg\",\"width\":1100,\"height\":395,\"caption\":\"Un dessin de bouche souriante sur fond beige.\"},{\"@type\":\"BreadcrumbList\",\"@id\":\"https:\\\/\\\/www.bcu-lausanne.ch\\\/en\\\/earplugs\\\/mouth-to-ear-autumn-2021\\\/#breadcrumb\",\"itemListElement\":[{\"@type\":\"ListItem\",\"position\":1,\"name\":\"Accueil\",\"item\":\"https:\\\/\\\/www.bcu-lausanne.ch\\\/en\\\/\"},{\"@type\":\"ListItem\",\"position\":2,\"name\":\"Mouth to ear &#8211; autumn 2021\"}]},{\"@type\":\"WebSite\",\"@id\":\"https:\\\/\\\/www.bcu-lausanne.ch\\\/#website\",\"url\":\"https:\\\/\\\/www.bcu-lausanne.ch\\\/\",\"name\":\"BCUL\",\"description\":\"Biblioth\u00e8que cantonale et universitaire - Lausanne\",\"publisher\":{\"@id\":\"https:\\\/\\\/www.bcu-lausanne.ch\\\/#organization\"},\"potentialAction\":[{\"@type\":\"SearchAction\",\"target\":{\"@type\":\"EntryPoint\",\"urlTemplate\":\"https:\\\/\\\/www.bcu-lausanne.ch\\\/?s={search_term_string}\"},\"query-input\":{\"@type\":\"PropertyValueSpecification\",\"valueRequired\":true,\"valueName\":\"search_term_string\"}}],\"inLanguage\":\"en-US\"},{\"@type\":\"Organization\",\"@id\":\"https:\\\/\\\/www.bcu-lausanne.ch\\\/#organization\",\"name\":\"BCU Lausanne\",\"url\":\"https:\\\/\\\/www.bcu-lausanne.ch\\\/\",\"logo\":{\"@type\":\"ImageObject\",\"inLanguage\":\"en-US\",\"@id\":\"https:\\\/\\\/www.bcu-lausanne.ch\\\/#\\\/schema\\\/logo\\\/image\\\/\",\"url\":\"https:\\\/\\\/www.bcu-lausanne.ch\\\/wp-content\\\/uploads\\\/2020\\\/05\\\/bcul-logo-rvb.png\",\"contentUrl\":\"https:\\\/\\\/www.bcu-lausanne.ch\\\/wp-content\\\/uploads\\\/2020\\\/05\\\/bcul-logo-rvb.png\",\"width\":1535,\"height\":1181,\"caption\":\"BCU Lausanne\"},\"image\":{\"@id\":\"https:\\\/\\\/www.bcu-lausanne.ch\\\/#\\\/schema\\\/logo\\\/image\\\/\"},\"sameAs\":[\"https:\\\/\\\/www.facebook.com\\\/BCULausanne\",\"https:\\\/\\\/x.com\\\/BCULausanne\",\"https:\\\/\\\/www.instagram.com\\\/bculausanne\\\/\",\"https:\\\/\\\/www.linkedin.com\\\/company\\\/bcu-lausanne\\\/\",\"https:\\\/\\\/www.youtube.com\\\/channel\\\/UCdk4ItiYuWBJBz6yZnOPaEw\"]},{\"@type\":\"Person\",\"@id\":\"https:\\\/\\\/www.bcu-lausanne.ch\\\/#\\\/schema\\\/person\\\/34fa23b7e201380bbd4e00e764b9dd9d\",\"name\":\"Maaike Vautier\",\"image\":{\"@type\":\"ImageObject\",\"inLanguage\":\"en-US\",\"@id\":\"https:\\\/\\\/secure.gravatar.com\\\/avatar\\\/500a0a5c4003b6990027178b38f4f429d851f589737bb5fa8c15ecad2730787b?s=96&d=mm&r=gff9dbfa4bdcb7cc9aeda4b1d797d41e2\",\"url\":\"https:\\\/\\\/secure.gravatar.com\\\/avatar\\\/500a0a5c4003b6990027178b38f4f429d851f589737bb5fa8c15ecad2730787b?s=96&d=mm&r=g\",\"contentUrl\":\"https:\\\/\\\/secure.gravatar.com\\\/avatar\\\/500a0a5c4003b6990027178b38f4f429d851f589737bb5fa8c15ecad2730787b?s=96&d=mm&r=g\",\"caption\":\"Maaike Vautier\"}}]}<\/script>\n<!-- \/ Yoast SEO plugin. -->","yoast_head_json":{"title":"Mouth to ear - autumn 2021 - BCUL","robots":{"index":"index","follow":"follow","max-snippet":"max-snippet:-1","max-image-preview":"max-image-preview:large","max-video-preview":"max-video-preview:-1"},"canonical":"https:\/\/www.bcu-lausanne.ch\/en\/earplugs\/mouth-to-ear-autumn-2021\/","og_locale":"en_US","og_type":"article","og_title":"Mouth to ear - autumn 2021 - BCUL","og_description":"When BCUL librarians are challenged, jostled, amused, transported or transformed by a document, they like to share it with users. They do this through \u201cBouches-\u00e0-oreille\u201d, bookmarks placed in the documents available on our various sites. We've selected a few below to inspire you to pay us a visit.","og_url":"https:\/\/www.bcu-lausanne.ch\/en\/earplugs\/mouth-to-ear-autumn-2021\/","og_site_name":"BCUL","article_publisher":"https:\/\/www.facebook.com\/BCULausanne","article_published_time":"2025-06-19T09:15:03+00:00","article_modified_time":"2025-06-19T09:15:09+00:00","og_image":[{"width":1100,"height":395,"url":"https:\/\/www.bcu-lausanne.ch\/wp-content\/uploads\/2020\/11\/blog_bao_1100x395_3.jpg","type":"image\/jpeg"}],"author":"Maaike Vautier","twitter_card":"summary_large_image","twitter_creator":"@BCULausanne","twitter_site":"@BCULausanne","twitter_misc":{"Written by":"Maaike Vautier","Est. reading time":"3 minutes"},"schema":{"@context":"https:\/\/schema.org","@graph":[{"@type":"Article","@id":"https:\/\/www.bcu-lausanne.ch\/en\/earplugs\/mouth-to-ear-autumn-2021\/#article","isPartOf":{"@id":"https:\/\/www.bcu-lausanne.ch\/en\/earplugs\/mouth-to-ear-autumn-2021\/"},"author":{"name":"Maaike Vautier","@id":"https:\/\/www.bcu-lausanne.ch\/#\/schema\/person\/34fa23b7e201380bbd4e00e764b9dd9d"},"headline":"Mouth to ear &#8211; autumn 2021","datePublished":"2025-06-19T09:15:03+00:00","dateModified":"2025-06-19T09:15:09+00:00","mainEntityOfPage":{"@id":"https:\/\/www.bcu-lausanne.ch\/en\/earplugs\/mouth-to-ear-autumn-2021\/"},"wordCount":522,"commentCount":0,"publisher":{"@id":"https:\/\/www.bcu-lausanne.ch\/#organization"},"image":{"@id":"https:\/\/www.bcu-lausanne.ch\/en\/earplugs\/mouth-to-ear-autumn-2021\/#primaryimage"},"thumbnailUrl":"https:\/\/www.bcu-lausanne.ch\/wp-content\/uploads\/2020\/11\/blog_bao_1100x395_3.jpg","articleSection":["Earplugs"],"inLanguage":"en-US","potentialAction":[{"@type":"CommentAction","name":"Comment","target":["https:\/\/www.bcu-lausanne.ch\/en\/earplugs\/mouth-to-ear-autumn-2021\/#respond"]}]},{"@type":"WebPage","@id":"https:\/\/www.bcu-lausanne.ch\/en\/earplugs\/mouth-to-ear-autumn-2021\/","url":"https:\/\/www.bcu-lausanne.ch\/en\/earplugs\/mouth-to-ear-autumn-2021\/","name":"Mouth to ear - autumn 2021 - BCUL","isPartOf":{"@id":"https:\/\/www.bcu-lausanne.ch\/#website"},"primaryImageOfPage":{"@id":"https:\/\/www.bcu-lausanne.ch\/en\/earplugs\/mouth-to-ear-autumn-2021\/#primaryimage"},"image":{"@id":"https:\/\/www.bcu-lausanne.ch\/en\/earplugs\/mouth-to-ear-autumn-2021\/#primaryimage"},"thumbnailUrl":"https:\/\/www.bcu-lausanne.ch\/wp-content\/uploads\/2020\/11\/blog_bao_1100x395_3.jpg","datePublished":"2025-06-19T09:15:03+00:00","dateModified":"2025-06-19T09:15:09+00:00","breadcrumb":{"@id":"https:\/\/www.bcu-lausanne.ch\/en\/earplugs\/mouth-to-ear-autumn-2021\/#breadcrumb"},"inLanguage":"en-US","potentialAction":[{"@type":"ReadAction","target":["https:\/\/www.bcu-lausanne.ch\/en\/earplugs\/mouth-to-ear-autumn-2021\/"]}]},{"@type":"ImageObject","inLanguage":"en-US","@id":"https:\/\/www.bcu-lausanne.ch\/en\/earplugs\/mouth-to-ear-autumn-2021\/#primaryimage","url":"https:\/\/www.bcu-lausanne.ch\/wp-content\/uploads\/2020\/11\/blog_bao_1100x395_3.jpg","contentUrl":"https:\/\/www.bcu-lausanne.ch\/wp-content\/uploads\/2020\/11\/blog_bao_1100x395_3.jpg","width":1100,"height":395,"caption":"Un dessin de bouche souriante sur fond beige."},{"@type":"BreadcrumbList","@id":"https:\/\/www.bcu-lausanne.ch\/en\/earplugs\/mouth-to-ear-autumn-2021\/#breadcrumb","itemListElement":[{"@type":"ListItem","position":1,"name":"Accueil","item":"https:\/\/www.bcu-lausanne.ch\/en\/"},{"@type":"ListItem","position":2,"name":"Mouth to ear &#8211; autumn 2021"}]},{"@type":"WebSite","@id":"https:\/\/www.bcu-lausanne.ch\/#website","url":"https:\/\/www.bcu-lausanne.ch\/","name":"BCUL","description":"Biblioth\u00e8que cantonale et universitaire - Lausanne","publisher":{"@id":"https:\/\/www.bcu-lausanne.ch\/#organization"},"potentialAction":[{"@type":"SearchAction","target":{"@type":"EntryPoint","urlTemplate":"https:\/\/www.bcu-lausanne.ch\/?s={search_term_string}"},"query-input":{"@type":"PropertyValueSpecification","valueRequired":true,"valueName":"search_term_string"}}],"inLanguage":"en-US"},{"@type":"Organization","@id":"https:\/\/www.bcu-lausanne.ch\/#organization","name":"BCU Lausanne","url":"https:\/\/www.bcu-lausanne.ch\/","logo":{"@type":"ImageObject","inLanguage":"en-US","@id":"https:\/\/www.bcu-lausanne.ch\/#\/schema\/logo\/image\/","url":"https:\/\/www.bcu-lausanne.ch\/wp-content\/uploads\/2020\/05\/bcul-logo-rvb.png","contentUrl":"https:\/\/www.bcu-lausanne.ch\/wp-content\/uploads\/2020\/05\/bcul-logo-rvb.png","width":1535,"height":1181,"caption":"BCU Lausanne"},"image":{"@id":"https:\/\/www.bcu-lausanne.ch\/#\/schema\/logo\/image\/"},"sameAs":["https:\/\/www.facebook.com\/BCULausanne","https:\/\/x.com\/BCULausanne","https:\/\/www.instagram.com\/bculausanne\/","https:\/\/www.linkedin.com\/company\/bcu-lausanne\/","https:\/\/www.youtube.com\/channel\/UCdk4ItiYuWBJBz6yZnOPaEw"]},{"@type":"Person","@id":"https:\/\/www.bcu-lausanne.ch\/#\/schema\/person\/34fa23b7e201380bbd4e00e764b9dd9d","name":"Maaike Vautier","image":{"@type":"ImageObject","inLanguage":"en-US","@id":"https:\/\/secure.gravatar.com\/avatar\/500a0a5c4003b6990027178b38f4f429d851f589737bb5fa8c15ecad2730787b?s=96&d=mm&r=gff9dbfa4bdcb7cc9aeda4b1d797d41e2","url":"https:\/\/secure.gravatar.com\/avatar\/500a0a5c4003b6990027178b38f4f429d851f589737bb5fa8c15ecad2730787b?s=96&d=mm&r=g","contentUrl":"https:\/\/secure.gravatar.com\/avatar\/500a0a5c4003b6990027178b38f4f429d851f589737bb5fa8c15ecad2730787b?s=96&d=mm&r=g","caption":"Maaike Vautier"}}]}},"_links":{"self":[{"href":"https:\/\/www.bcu-lausanne.ch\/en\/wp-json\/wp\/v2\/posts\/40369","targetHints":{"allow":["GET"]}}],"collection":[{"href":"https:\/\/www.bcu-lausanne.ch\/en\/wp-json\/wp\/v2\/posts"}],"about":[{"href":"https:\/\/www.bcu-lausanne.ch\/en\/wp-json\/wp\/v2\/types\/post"}],"author":[{"embeddable":true,"href":"https:\/\/www.bcu-lausanne.ch\/en\/wp-json\/wp\/v2\/users\/92"}],"replies":[{"embeddable":true,"href":"https:\/\/www.bcu-lausanne.ch\/en\/wp-json\/wp\/v2\/comments?post=40369"}],"version-history":[{"count":1,"href":"https:\/\/www.bcu-lausanne.ch\/en\/wp-json\/wp\/v2\/posts\/40369\/revisions"}],"predecessor-version":[{"id":40371,"href":"https:\/\/www.bcu-lausanne.ch\/en\/wp-json\/wp\/v2\/posts\/40369\/revisions\/40371"}],"wp:featuredmedia":[{"embeddable":true,"href":"https:\/\/www.bcu-lausanne.ch\/en\/wp-json\/wp\/v2\/media\/11563"}],"wp:attachment":[{"href":"https:\/\/www.bcu-lausanne.ch\/en\/wp-json\/wp\/v2\/media?parent=40369"}],"wp:term":[{"taxonomy":"category","embeddable":true,"href":"https:\/\/www.bcu-lausanne.ch\/en\/wp-json\/wp\/v2\/categories?post=40369"},{"taxonomy":"author","embeddable":true,"href":"https:\/\/www.bcu-lausanne.ch\/en\/wp-json\/wp\/v2\/coauthors?post=40369"}],"curies":[{"name":"wp","href":"https:\/\/api.w.org\/{rel}","templated":true}]}}