{"id":40338,"date":"2025-06-19T11:14:49","date_gmt":"2025-06-19T09:14:49","guid":{"rendered":"https:\/\/www.bcu-lausanne.ch\/world-braille-day-music-in-the-spotlight\/"},"modified":"2025-06-19T11:14:52","modified_gmt":"2025-06-19T09:14:52","slug":"world-braille-day-music-in-the-spotlight","status":"publish","type":"post","link":"https:\/\/www.bcu-lausanne.ch\/en\/en-ce-moment-en\/world-braille-day-music-in-the-spotlight\/","title":{"rendered":"World Braille Day, music in the spotlight"},"content":{"rendered":"\n<p>Black, white, eighth-note or round, a musical score printed in black and white remains mute to a person who can&#8217;t see.<\/p>\n\n<p>How can a blind music lover get started in reading and practicing this art form? Braille! A tactile writing system with raised dots, in which every letter, number and even every musical, mathematical and scientific symbol is represented by a combination of six dots. It gives blind and partially-sighted people access to the same books and magazines as those intended for visual reading&#8230;   <\/p>\n\n<p>We owe the emergence of this system to Louis Braille, who invented it in 1829. Since 2001, World Braille Day has paid tribute to the inventor of this alphabet, who was born on January 4, 1809. Its aim is to raise public awareness of the handicap suffered by the blind, and to remind people of the existence of Braille.  <\/p>\n\n<p>We&#8217;d like to take this opportunity to (re)introduce you to our collection of musical scores in Braille, donated by the <a href=\"https:\/\/www.ophtalmique.ch\/hopital\/infos-pratiques\/nos-medecins\/centre-pedagogique-pour-eleves-handicapes-de-la-vue-cphv\/\">Centre p\u00e9dagogique pour \u00e9l\u00e8ves handicap\u00e9s de la vue<\/a> (CPHV) in Lausanne.<\/p>\n\n<p>Nearly 2,600 titles are available. Find them in our <a href=\"https:\/\/renouvaud1.primo.exlibrisgroup.com\/discovery\/search?query=any,contains,braille&amp;tab=Physical_resources&amp;search_scope=Physical_resources&amp;vid=41BCULAUSA_LIB:VU2&amp;facet=rtype,include,braille_score&amp;offset=0\">Renouvaud<\/a> search tool. Are you looking for a particular composer? Debussy, for example? Type \u201cDebussy\u201d in the search field, choose the \u201cIn library\u201d search, launch it and then filter it by \u201cDocument type : Braille scores\u201d.     Enjoy your discovery!<\/p>\n\n<p><\/p>\n\n<figure class=\"wp-block-embed is-type-video is-provider-youtube wp-block-embed-youtube wp-embed-aspect-16-9 wp-has-aspect-ratio\"><div class=\"wp-block-embed__wrapper\">\n<iframe loading=\"lazy\" title=\"Nobuyuki Tsujii plays Rachmaninov\u2019s Piano Concerto No.2 in C minor, Op.18, 1st movement\" width=\"500\" height=\"281\" src=\"https:\/\/www.youtube.com\/embed\/urPlAeq4BSI?feature=oembed\" frameborder=\"0\" allow=\"accelerometer; autoplay; clipboard-write; encrypted-media; gyroscope; picture-in-picture; web-share\" referrerpolicy=\"strict-origin-when-cross-origin\" allowfullscreen><\/iframe>\n<\/div><\/figure>\n\n<p>Nobuyuki Tsujii, talented Japanese pianist blind from birth.<\/p>\n","protected":false},"excerpt":{"rendered":"<p>Black, white, eighth-note or round, a musical score printed in black and white remains mute to a person who can&#8217;t see. How can a blind music lover get started in reading and practicing this art form? Braille! A tactile writing system with raised dots, in which every letter, number and even every musical, mathematical and [&hellip;]<\/p>\n","protected":false},"author":28,"featured_media":23781,"comment_status":"open","ping_status":"open","sticky":false,"template":"","format":"standard","meta":{"_acf_changed":false,"_oasis_is_in_workflow":0,"_oasis_original":0,"_oasis_task_priority":"","footnotes":""},"categories":[1278,1343],"coauthors":[619],"class_list":["post-40338","post","type-post","status-publish","format-standard","has-post-thumbnail","hentry","category-en-ce-moment-en","category-our-collections"],"acf":[],"yoast_head":"<!-- This site is optimized with the Yoast SEO plugin v27.5 - https:\/\/yoast.com\/product\/yoast-seo-wordpress\/ -->\n<title>World Braille Day, music in the spotlight - BCUL<\/title>\n<meta name=\"robots\" content=\"index, follow, max-snippet:-1, max-image-preview:large, max-video-preview:-1\" \/>\n<link rel=\"canonical\" href=\"https:\/\/www.bcu-lausanne.ch\/en\/en-ce-moment-en\/world-braille-day-music-in-the-spotlight\/\" \/>\n<meta property=\"og:locale\" content=\"en_US\" \/>\n<meta property=\"og:type\" content=\"article\" \/>\n<meta property=\"og:title\" content=\"World Braille Day, music in the spotlight - BCUL\" \/>\n<meta property=\"og:description\" content=\"Black, white, eighth-note or round, a musical score printed in black and white remains mute to a person who can&#8217;t see. How can a blind music lover get started in reading and practicing this art form? Braille! A tactile writing system with raised dots, in which every letter, number and even every musical, mathematical and [&hellip;]\" \/>\n<meta property=\"og:url\" content=\"https:\/\/www.bcu-lausanne.ch\/en\/en-ce-moment-en\/world-braille-day-music-in-the-spotlight\/\" \/>\n<meta property=\"og:site_name\" content=\"BCUL\" \/>\n<meta property=\"article:publisher\" content=\"https:\/\/www.facebook.com\/BCULausanne\" \/>\n<meta property=\"article:published_time\" content=\"2025-06-19T09:14:49+00:00\" \/>\n<meta property=\"article:modified_time\" content=\"2025-06-19T09:14:52+00:00\" \/>\n<meta property=\"og:image\" content=\"https:\/\/www.bcu-lausanne.ch\/wp-content\/uploads\/2021\/12\/braille-scaled.jpg\" \/>\n\t<meta property=\"og:image:width\" content=\"2560\" \/>\n\t<meta property=\"og:image:height\" content=\"1707\" \/>\n\t<meta property=\"og:image:type\" content=\"image\/jpeg\" \/>\n<meta name=\"author\" content=\"Federica Rusconi Castellani\" \/>\n<meta name=\"twitter:card\" content=\"summary_large_image\" \/>\n<meta name=\"twitter:creator\" content=\"@BCULausanne\" \/>\n<meta name=\"twitter:site\" content=\"@BCULausanne\" \/>\n<meta name=\"twitter:label1\" content=\"Written by\" \/>\n\t<meta name=\"twitter:data1\" content=\"Federica Rusconi Castellani\" \/>\n\t<meta name=\"twitter:label2\" content=\"Est. reading time\" \/>\n\t<meta name=\"twitter:data2\" content=\"1 minute\" \/>\n<script type=\"application\/ld+json\" class=\"yoast-schema-graph\">{\"@context\":\"https:\\\/\\\/schema.org\",\"@graph\":[{\"@type\":\"Article\",\"@id\":\"https:\\\/\\\/www.bcu-lausanne.ch\\\/en\\\/en-ce-moment-en\\\/world-braille-day-music-in-the-spotlight\\\/#article\",\"isPartOf\":{\"@id\":\"https:\\\/\\\/www.bcu-lausanne.ch\\\/en\\\/en-ce-moment-en\\\/world-braille-day-music-in-the-spotlight\\\/\"},\"author\":{\"name\":\"Federica Rusconi Castellani\",\"@id\":\"https:\\\/\\\/www.bcu-lausanne.ch\\\/#\\\/schema\\\/person\\\/a62d9979a2df560313c43ece43c11d21\"},\"headline\":\"World Braille Day, music in the spotlight\",\"datePublished\":\"2025-06-19T09:14:49+00:00\",\"dateModified\":\"2025-06-19T09:14:52+00:00\",\"mainEntityOfPage\":{\"@id\":\"https:\\\/\\\/www.bcu-lausanne.ch\\\/en\\\/en-ce-moment-en\\\/world-braille-day-music-in-the-spotlight\\\/\"},\"wordCount\":242,\"commentCount\":0,\"publisher\":{\"@id\":\"https:\\\/\\\/www.bcu-lausanne.ch\\\/#organization\"},\"image\":{\"@id\":\"https:\\\/\\\/www.bcu-lausanne.ch\\\/en\\\/en-ce-moment-en\\\/world-braille-day-music-in-the-spotlight\\\/#primaryimage\"},\"thumbnailUrl\":\"https:\\\/\\\/www.bcu-lausanne.ch\\\/wp-content\\\/uploads\\\/2021\\\/12\\\/braille-scaled.jpg\",\"articleSection\":[\"En ce moment\",\"Our collections\"],\"inLanguage\":\"en-US\",\"potentialAction\":[{\"@type\":\"CommentAction\",\"name\":\"Comment\",\"target\":[\"https:\\\/\\\/www.bcu-lausanne.ch\\\/en\\\/en-ce-moment-en\\\/world-braille-day-music-in-the-spotlight\\\/#respond\"]}]},{\"@type\":\"WebPage\",\"@id\":\"https:\\\/\\\/www.bcu-lausanne.ch\\\/en\\\/en-ce-moment-en\\\/world-braille-day-music-in-the-spotlight\\\/\",\"url\":\"https:\\\/\\\/www.bcu-lausanne.ch\\\/en\\\/en-ce-moment-en\\\/world-braille-day-music-in-the-spotlight\\\/\",\"name\":\"World Braille Day, music in the spotlight - BCUL\",\"isPartOf\":{\"@id\":\"https:\\\/\\\/www.bcu-lausanne.ch\\\/#website\"},\"primaryImageOfPage\":{\"@id\":\"https:\\\/\\\/www.bcu-lausanne.ch\\\/en\\\/en-ce-moment-en\\\/world-braille-day-music-in-the-spotlight\\\/#primaryimage\"},\"image\":{\"@id\":\"https:\\\/\\\/www.bcu-lausanne.ch\\\/en\\\/en-ce-moment-en\\\/world-braille-day-music-in-the-spotlight\\\/#primaryimage\"},\"thumbnailUrl\":\"https:\\\/\\\/www.bcu-lausanne.ch\\\/wp-content\\\/uploads\\\/2021\\\/12\\\/braille-scaled.jpg\",\"datePublished\":\"2025-06-19T09:14:49+00:00\",\"dateModified\":\"2025-06-19T09:14:52+00:00\",\"breadcrumb\":{\"@id\":\"https:\\\/\\\/www.bcu-lausanne.ch\\\/en\\\/en-ce-moment-en\\\/world-braille-day-music-in-the-spotlight\\\/#breadcrumb\"},\"inLanguage\":\"en-US\",\"potentialAction\":[{\"@type\":\"ReadAction\",\"target\":[\"https:\\\/\\\/www.bcu-lausanne.ch\\\/en\\\/en-ce-moment-en\\\/world-braille-day-music-in-the-spotlight\\\/\"]}]},{\"@type\":\"ImageObject\",\"inLanguage\":\"en-US\",\"@id\":\"https:\\\/\\\/www.bcu-lausanne.ch\\\/en\\\/en-ce-moment-en\\\/world-braille-day-music-in-the-spotlight\\\/#primaryimage\",\"url\":\"https:\\\/\\\/www.bcu-lausanne.ch\\\/wp-content\\\/uploads\\\/2021\\\/12\\\/braille-scaled.jpg\",\"contentUrl\":\"https:\\\/\\\/www.bcu-lausanne.ch\\\/wp-content\\\/uploads\\\/2021\\\/12\\\/braille-scaled.jpg\",\"width\":2560,\"height\":1707,\"caption\":\"Deux mains lisent un livre en braille.\"},{\"@type\":\"BreadcrumbList\",\"@id\":\"https:\\\/\\\/www.bcu-lausanne.ch\\\/en\\\/en-ce-moment-en\\\/world-braille-day-music-in-the-spotlight\\\/#breadcrumb\",\"itemListElement\":[{\"@type\":\"ListItem\",\"position\":1,\"name\":\"Accueil\",\"item\":\"https:\\\/\\\/www.bcu-lausanne.ch\\\/en\\\/\"},{\"@type\":\"ListItem\",\"position\":2,\"name\":\"World Braille Day, music in the spotlight\"}]},{\"@type\":\"WebSite\",\"@id\":\"https:\\\/\\\/www.bcu-lausanne.ch\\\/#website\",\"url\":\"https:\\\/\\\/www.bcu-lausanne.ch\\\/\",\"name\":\"BCUL\",\"description\":\"Biblioth\u00e8que cantonale et universitaire - Lausanne\",\"publisher\":{\"@id\":\"https:\\\/\\\/www.bcu-lausanne.ch\\\/#organization\"},\"potentialAction\":[{\"@type\":\"SearchAction\",\"target\":{\"@type\":\"EntryPoint\",\"urlTemplate\":\"https:\\\/\\\/www.bcu-lausanne.ch\\\/?s={search_term_string}\"},\"query-input\":{\"@type\":\"PropertyValueSpecification\",\"valueRequired\":true,\"valueName\":\"search_term_string\"}}],\"inLanguage\":\"en-US\"},{\"@type\":\"Organization\",\"@id\":\"https:\\\/\\\/www.bcu-lausanne.ch\\\/#organization\",\"name\":\"BCU Lausanne\",\"url\":\"https:\\\/\\\/www.bcu-lausanne.ch\\\/\",\"logo\":{\"@type\":\"ImageObject\",\"inLanguage\":\"en-US\",\"@id\":\"https:\\\/\\\/www.bcu-lausanne.ch\\\/#\\\/schema\\\/logo\\\/image\\\/\",\"url\":\"https:\\\/\\\/www.bcu-lausanne.ch\\\/wp-content\\\/uploads\\\/2020\\\/05\\\/bcul-logo-rvb.png\",\"contentUrl\":\"https:\\\/\\\/www.bcu-lausanne.ch\\\/wp-content\\\/uploads\\\/2020\\\/05\\\/bcul-logo-rvb.png\",\"width\":1535,\"height\":1181,\"caption\":\"BCU Lausanne\"},\"image\":{\"@id\":\"https:\\\/\\\/www.bcu-lausanne.ch\\\/#\\\/schema\\\/logo\\\/image\\\/\"},\"sameAs\":[\"https:\\\/\\\/www.facebook.com\\\/BCULausanne\",\"https:\\\/\\\/x.com\\\/BCULausanne\",\"https:\\\/\\\/www.instagram.com\\\/bculausanne\\\/\",\"https:\\\/\\\/www.linkedin.com\\\/company\\\/bcu-lausanne\\\/\",\"https:\\\/\\\/www.youtube.com\\\/channel\\\/UCdk4ItiYuWBJBz6yZnOPaEw\"]},{\"@type\":\"Person\",\"@id\":\"https:\\\/\\\/www.bcu-lausanne.ch\\\/#\\\/schema\\\/person\\\/a62d9979a2df560313c43ece43c11d21\",\"name\":\"Federica Rusconi Castellani\",\"image\":{\"@type\":\"ImageObject\",\"inLanguage\":\"en-US\",\"@id\":\"https:\\\/\\\/secure.gravatar.com\\\/avatar\\\/7b86242abd85efaee0247160dba7a6641f8285be0bf5cb9a89bcf4411f2a472c?s=96&d=mm&r=gcf78954b12da1407ae4c763176676e78\",\"url\":\"https:\\\/\\\/secure.gravatar.com\\\/avatar\\\/7b86242abd85efaee0247160dba7a6641f8285be0bf5cb9a89bcf4411f2a472c?s=96&d=mm&r=g\",\"contentUrl\":\"https:\\\/\\\/secure.gravatar.com\\\/avatar\\\/7b86242abd85efaee0247160dba7a6641f8285be0bf5cb9a89bcf4411f2a472c?s=96&d=mm&r=g\",\"caption\":\"Federica Rusconi Castellani\"}}]}<\/script>\n<!-- \/ Yoast SEO plugin. -->","yoast_head_json":{"title":"World Braille Day, music in the spotlight - BCUL","robots":{"index":"index","follow":"follow","max-snippet":"max-snippet:-1","max-image-preview":"max-image-preview:large","max-video-preview":"max-video-preview:-1"},"canonical":"https:\/\/www.bcu-lausanne.ch\/en\/en-ce-moment-en\/world-braille-day-music-in-the-spotlight\/","og_locale":"en_US","og_type":"article","og_title":"World Braille Day, music in the spotlight - BCUL","og_description":"Black, white, eighth-note or round, a musical score printed in black and white remains mute to a person who can&#8217;t see. How can a blind music lover get started in reading and practicing this art form? Braille! A tactile writing system with raised dots, in which every letter, number and even every musical, mathematical and [&hellip;]","og_url":"https:\/\/www.bcu-lausanne.ch\/en\/en-ce-moment-en\/world-braille-day-music-in-the-spotlight\/","og_site_name":"BCUL","article_publisher":"https:\/\/www.facebook.com\/BCULausanne","article_published_time":"2025-06-19T09:14:49+00:00","article_modified_time":"2025-06-19T09:14:52+00:00","og_image":[{"width":2560,"height":1707,"url":"https:\/\/www.bcu-lausanne.ch\/wp-content\/uploads\/2021\/12\/braille-scaled.jpg","type":"image\/jpeg"}],"author":"Federica Rusconi Castellani","twitter_card":"summary_large_image","twitter_creator":"@BCULausanne","twitter_site":"@BCULausanne","twitter_misc":{"Written by":"Federica Rusconi Castellani","Est. reading time":"1 minute"},"schema":{"@context":"https:\/\/schema.org","@graph":[{"@type":"Article","@id":"https:\/\/www.bcu-lausanne.ch\/en\/en-ce-moment-en\/world-braille-day-music-in-the-spotlight\/#article","isPartOf":{"@id":"https:\/\/www.bcu-lausanne.ch\/en\/en-ce-moment-en\/world-braille-day-music-in-the-spotlight\/"},"author":{"name":"Federica Rusconi Castellani","@id":"https:\/\/www.bcu-lausanne.ch\/#\/schema\/person\/a62d9979a2df560313c43ece43c11d21"},"headline":"World Braille Day, music in the spotlight","datePublished":"2025-06-19T09:14:49+00:00","dateModified":"2025-06-19T09:14:52+00:00","mainEntityOfPage":{"@id":"https:\/\/www.bcu-lausanne.ch\/en\/en-ce-moment-en\/world-braille-day-music-in-the-spotlight\/"},"wordCount":242,"commentCount":0,"publisher":{"@id":"https:\/\/www.bcu-lausanne.ch\/#organization"},"image":{"@id":"https:\/\/www.bcu-lausanne.ch\/en\/en-ce-moment-en\/world-braille-day-music-in-the-spotlight\/#primaryimage"},"thumbnailUrl":"https:\/\/www.bcu-lausanne.ch\/wp-content\/uploads\/2021\/12\/braille-scaled.jpg","articleSection":["En ce moment","Our collections"],"inLanguage":"en-US","potentialAction":[{"@type":"CommentAction","name":"Comment","target":["https:\/\/www.bcu-lausanne.ch\/en\/en-ce-moment-en\/world-braille-day-music-in-the-spotlight\/#respond"]}]},{"@type":"WebPage","@id":"https:\/\/www.bcu-lausanne.ch\/en\/en-ce-moment-en\/world-braille-day-music-in-the-spotlight\/","url":"https:\/\/www.bcu-lausanne.ch\/en\/en-ce-moment-en\/world-braille-day-music-in-the-spotlight\/","name":"World Braille Day, music in the spotlight - BCUL","isPartOf":{"@id":"https:\/\/www.bcu-lausanne.ch\/#website"},"primaryImageOfPage":{"@id":"https:\/\/www.bcu-lausanne.ch\/en\/en-ce-moment-en\/world-braille-day-music-in-the-spotlight\/#primaryimage"},"image":{"@id":"https:\/\/www.bcu-lausanne.ch\/en\/en-ce-moment-en\/world-braille-day-music-in-the-spotlight\/#primaryimage"},"thumbnailUrl":"https:\/\/www.bcu-lausanne.ch\/wp-content\/uploads\/2021\/12\/braille-scaled.jpg","datePublished":"2025-06-19T09:14:49+00:00","dateModified":"2025-06-19T09:14:52+00:00","breadcrumb":{"@id":"https:\/\/www.bcu-lausanne.ch\/en\/en-ce-moment-en\/world-braille-day-music-in-the-spotlight\/#breadcrumb"},"inLanguage":"en-US","potentialAction":[{"@type":"ReadAction","target":["https:\/\/www.bcu-lausanne.ch\/en\/en-ce-moment-en\/world-braille-day-music-in-the-spotlight\/"]}]},{"@type":"ImageObject","inLanguage":"en-US","@id":"https:\/\/www.bcu-lausanne.ch\/en\/en-ce-moment-en\/world-braille-day-music-in-the-spotlight\/#primaryimage","url":"https:\/\/www.bcu-lausanne.ch\/wp-content\/uploads\/2021\/12\/braille-scaled.jpg","contentUrl":"https:\/\/www.bcu-lausanne.ch\/wp-content\/uploads\/2021\/12\/braille-scaled.jpg","width":2560,"height":1707,"caption":"Deux mains lisent un livre en braille."},{"@type":"BreadcrumbList","@id":"https:\/\/www.bcu-lausanne.ch\/en\/en-ce-moment-en\/world-braille-day-music-in-the-spotlight\/#breadcrumb","itemListElement":[{"@type":"ListItem","position":1,"name":"Accueil","item":"https:\/\/www.bcu-lausanne.ch\/en\/"},{"@type":"ListItem","position":2,"name":"World Braille Day, music in the spotlight"}]},{"@type":"WebSite","@id":"https:\/\/www.bcu-lausanne.ch\/#website","url":"https:\/\/www.bcu-lausanne.ch\/","name":"BCUL","description":"Biblioth\u00e8que cantonale et universitaire - Lausanne","publisher":{"@id":"https:\/\/www.bcu-lausanne.ch\/#organization"},"potentialAction":[{"@type":"SearchAction","target":{"@type":"EntryPoint","urlTemplate":"https:\/\/www.bcu-lausanne.ch\/?s={search_term_string}"},"query-input":{"@type":"PropertyValueSpecification","valueRequired":true,"valueName":"search_term_string"}}],"inLanguage":"en-US"},{"@type":"Organization","@id":"https:\/\/www.bcu-lausanne.ch\/#organization","name":"BCU Lausanne","url":"https:\/\/www.bcu-lausanne.ch\/","logo":{"@type":"ImageObject","inLanguage":"en-US","@id":"https:\/\/www.bcu-lausanne.ch\/#\/schema\/logo\/image\/","url":"https:\/\/www.bcu-lausanne.ch\/wp-content\/uploads\/2020\/05\/bcul-logo-rvb.png","contentUrl":"https:\/\/www.bcu-lausanne.ch\/wp-content\/uploads\/2020\/05\/bcul-logo-rvb.png","width":1535,"height":1181,"caption":"BCU Lausanne"},"image":{"@id":"https:\/\/www.bcu-lausanne.ch\/#\/schema\/logo\/image\/"},"sameAs":["https:\/\/www.facebook.com\/BCULausanne","https:\/\/x.com\/BCULausanne","https:\/\/www.instagram.com\/bculausanne\/","https:\/\/www.linkedin.com\/company\/bcu-lausanne\/","https:\/\/www.youtube.com\/channel\/UCdk4ItiYuWBJBz6yZnOPaEw"]},{"@type":"Person","@id":"https:\/\/www.bcu-lausanne.ch\/#\/schema\/person\/a62d9979a2df560313c43ece43c11d21","name":"Federica Rusconi Castellani","image":{"@type":"ImageObject","inLanguage":"en-US","@id":"https:\/\/secure.gravatar.com\/avatar\/7b86242abd85efaee0247160dba7a6641f8285be0bf5cb9a89bcf4411f2a472c?s=96&d=mm&r=gcf78954b12da1407ae4c763176676e78","url":"https:\/\/secure.gravatar.com\/avatar\/7b86242abd85efaee0247160dba7a6641f8285be0bf5cb9a89bcf4411f2a472c?s=96&d=mm&r=g","contentUrl":"https:\/\/secure.gravatar.com\/avatar\/7b86242abd85efaee0247160dba7a6641f8285be0bf5cb9a89bcf4411f2a472c?s=96&d=mm&r=g","caption":"Federica Rusconi Castellani"}}]}},"_links":{"self":[{"href":"https:\/\/www.bcu-lausanne.ch\/en\/wp-json\/wp\/v2\/posts\/40338","targetHints":{"allow":["GET"]}}],"collection":[{"href":"https:\/\/www.bcu-lausanne.ch\/en\/wp-json\/wp\/v2\/posts"}],"about":[{"href":"https:\/\/www.bcu-lausanne.ch\/en\/wp-json\/wp\/v2\/types\/post"}],"author":[{"embeddable":true,"href":"https:\/\/www.bcu-lausanne.ch\/en\/wp-json\/wp\/v2\/users\/28"}],"replies":[{"embeddable":true,"href":"https:\/\/www.bcu-lausanne.ch\/en\/wp-json\/wp\/v2\/comments?post=40338"}],"version-history":[{"count":1,"href":"https:\/\/www.bcu-lausanne.ch\/en\/wp-json\/wp\/v2\/posts\/40338\/revisions"}],"predecessor-version":[{"id":40340,"href":"https:\/\/www.bcu-lausanne.ch\/en\/wp-json\/wp\/v2\/posts\/40338\/revisions\/40340"}],"wp:featuredmedia":[{"embeddable":true,"href":"https:\/\/www.bcu-lausanne.ch\/en\/wp-json\/wp\/v2\/media\/23781"}],"wp:attachment":[{"href":"https:\/\/www.bcu-lausanne.ch\/en\/wp-json\/wp\/v2\/media?parent=40338"}],"wp:term":[{"taxonomy":"category","embeddable":true,"href":"https:\/\/www.bcu-lausanne.ch\/en\/wp-json\/wp\/v2\/categories?post=40338"},{"taxonomy":"author","embeddable":true,"href":"https:\/\/www.bcu-lausanne.ch\/en\/wp-json\/wp\/v2\/coauthors?post=40338"}],"curies":[{"name":"wp","href":"https:\/\/api.w.org\/{rel}","templated":true}]}}