{"id":40276,"date":"2025-06-19T11:14:17","date_gmt":"2025-06-19T09:14:17","guid":{"rendered":"https:\/\/www.bcu-lausanne.ch\/mouth-to-ear-autumn-2022\/"},"modified":"2025-06-19T11:14:22","modified_gmt":"2025-06-19T09:14:22","slug":"mouth-to-ear-autumn-2022","status":"publish","type":"post","link":"https:\/\/www.bcu-lausanne.ch\/en\/earplugs\/mouth-to-ear-autumn-2022\/","title":{"rendered":"Mouth to ear &#8211; autumn 2022"},"content":{"rendered":"\n<p>When a document challenges, amuses, transports or transforms, our librarians like to share it with you. This sharing is done through \u201cword-of-mouth\u201d bookmarks placed in the documents available on our different sites.   <\/p>\n\n<p>We&#8217;ve selected a few below to whet your appetite.<\/p>\n\n<h2 class=\"wp-block-heading\" id=\"h-livres\">Books<\/h2>\n\n<h3 class=\"has-text-color wp-block-heading\" id=\"h-descartes-au-pays-du-qi-gong\" style=\"color:#9a0043\">Descartes in the land of Qi Gong<\/h3>\n\n<p><em>Henri Tsiang<\/em><\/p>\n\n<p>At the crossroads of France and China, Henri Tsiang approaches Qi Gong with a scientific as well as a cultural background.  <\/p>\n\n<p>Illuminating this practice in the light of neuroscience involves a detailed exploration of mind\/body interactions. A bridge-builder, the author nevertheless regrets the difficulty the West has in \u201cgrasping the subtlety of Asian knowledge paradigms\u201d, and calls for a genuine encounter between Western and Chinese approaches to man and health. It is indeed high time&#8230;  <\/p>\n\n<p><strong>Carole, Unith\u00e8que website<\/strong><\/p>\n\n<p><a href=\"https:\/\/renouvaud1.primo.exlibrisgroup.com\/permalink\/41BCULAUSA_LIB\/1vikse1\/alma991022104766902852\" target=\"_blank\" rel=\"noreferrer noopener\">Borrowing paper<\/a> \/ <a href=\"https:\/\/bcu-lausanne.cantookstation.eu\/resources\/6346548c01c70a000130f297\" target=\"_blank\" rel=\"noreferrer noopener\">digital<\/a>books <\/p>\n\n<h3 class=\"has-text-color wp-block-heading\" id=\"h-demain-les-chats\" style=\"color:#9a0043\">Tomorrow&#8217;s cats<\/h3>\n\n<p><em>Bernard Werber<\/em><\/p>\n\n<p>In a future not so far from our own, a story of war, disaster, the supernatural and, above all, cats.<\/p>\n\n<p>An adventure that takes us to explore a ruined world not through the eyes of man, but through those of four-legged beasts. A captivating comic strip with characters as varied as they are endearing. <\/p>\n\n<p><strong>Elliot, Riponne site<\/strong><\/p>\n\n<p><a href=\"https:\/\/renouvaud1.primo.exlibrisgroup.com\/permalink\/41BCULAUSA_LIB\/1vikse1\/alma991021635650602852\">Borrowing<\/a><\/p>\n\n<h3 class=\"has-text-color wp-block-heading\" id=\"h-chasseur-cueilleur-parent\" style=\"color:#9a0043\">Hunter, gatherer, parent<\/h3>\n\n<p><em>Michaeleen Doucleff<\/em><\/p>\n\n<p>With his American style, the author takes us on a journey to discover other modes of education than that of the WEIRD (Western Educated Industrialized Rich Democratic) people, who are essentially child-centered.  <\/p>\n\n<p>There&#8217;s not much theory here, but some practical suggestions for developing genuine collaboration between parents and children, so that the latter can be fully integrated into the adult world.<\/p>\n\n<p><strong>Carole, Riponne site<\/strong><\/p>\n\n<p><a href=\"https:\/\/renouvaud1.primo.exlibrisgroup.com\/permalink\/41BCULAUSA_LIB\/1vikse1\/alma991021708938602852\" target=\"_blank\" rel=\"noreferrer noopener\">Borrowing paper <\/a>\/ <a href=\"https:\/\/bcu-lausanne.cantookstation.eu\/resources\/6346548e01c70a000130f334\" target=\"_blank\" rel=\"noreferrer noopener\">digital<\/a>books <\/p>\n\n<h2 class=\"wp-block-heading\" id=\"h-musique\">Music<\/h2>\n\n<h3 class=\"has-text-color wp-block-heading\" id=\"h-standart\" style=\"color:#9a0043\">StandArt<\/h3>\n\n<p><em>Tigran Hamasyan<\/em><\/p>\n\n<p>Pianist and composer Tigran Hamasyan delights our ears with his first album of covers of American standards! The songs date from the 1920s to the 1950s and are by Richard Rodgers, Charlie Parker, Jerome Kern, David Raksin and others.   <\/p>\n\n<p>Tigran Hamasyan joins forces with Matt Brewer&#8217;s double bass and Justin Brown&#8217;s drums to breathe new life into these great classics. A number of distinguished guests (Mark Turner, Joshua Redman and Amrose Akinmusire) contribute to making this album a masterpiece. <\/p>\n\n<p><strong>Suzanne, Riponne site<\/strong> <\/p>\n\n<p><a href=\"https:\/\/renouvaud1.primo.exlibrisgroup.com\/permalink\/41BCULAUSA_LIB\/1vikse1\/alma991022176271602852\">Borrowing<\/a> <\/p>\n\n<h3 class=\"has-text-color wp-block-heading\" id=\"h-grands-motets\" style=\"color:#9a0043\">Grands motets<\/h3>\n\n<p><em>Mondonville<\/em><\/p>\n\n<p>In just a few years, the Centre de musique baroque de Versailles has produced some forty CD and DVD recordings under the Ch\u00e2teau de Versailles Spectacles label. A rich repertoire that plunges us into the French musical heritage of the Baroque period, with all the splendor of the court at the time of Louis XIV.   <\/p>\n\n<p>Among these publications, we have chosen to focus on the album devoted to the grands motets by Jean-Joseph Cassan\u00e9a de Mondonville, performed by the Ch\u0153ur &amp; Orchestre Marguerite Louise under the direction of Ga\u00e9tan Jarry. Intended for large choirs, these motets take on a theatrical and dramatic character, enhanced by the generous acoustics of the Chapelle Royale. Don&#8217;t hesitate to discover the other volumes on this magnificent label!  <\/p>\n\n<p><strong>Suzanne, Riponne site<\/strong> <\/p>\n\n<p><a href=\"https:\/\/renouvaud1.primo.exlibrisgroup.com\/permalink\/41BCULAUSA_LIB\/1vikse1\/alma991022213198102852\">Borrowing<\/a> <\/p>\n","protected":false},"excerpt":{"rendered":"<p>When BCUL librarians are challenged, jostled, amused, transported or transformed by a document, they like to share it with users. They do this through \u201cBouches-\u00e0-oreille\u201d, bookmarks placed in the documents available on our various sites. We&#8217;ve selected a few below to inspire you to pay us a visit.  <\/p>\n","protected":false},"author":92,"featured_media":11563,"comment_status":"open","ping_status":"open","sticky":false,"template":"","format":"standard","meta":{"_acf_changed":false,"_oasis_is_in_workflow":0,"_oasis_original":0,"_oasis_task_priority":"","footnotes":""},"categories":[1342],"coauthors":[882],"class_list":["post-40276","post","type-post","status-publish","format-standard","has-post-thumbnail","hentry","category-earplugs"],"acf":[],"yoast_head":"<!-- This site is optimized with the Yoast SEO plugin v27.5 - https:\/\/yoast.com\/product\/yoast-seo-wordpress\/ -->\n<title>Mouth to ear - autumn 2022 - BCUL<\/title>\n<meta name=\"robots\" content=\"index, follow, max-snippet:-1, max-image-preview:large, max-video-preview:-1\" \/>\n<link rel=\"canonical\" href=\"https:\/\/www.bcu-lausanne.ch\/en\/earplugs\/mouth-to-ear-autumn-2022\/\" \/>\n<meta property=\"og:locale\" content=\"en_US\" \/>\n<meta property=\"og:type\" content=\"article\" \/>\n<meta property=\"og:title\" content=\"Mouth to ear - autumn 2022 - BCUL\" \/>\n<meta property=\"og:description\" content=\"When BCUL librarians are challenged, jostled, amused, transported or transformed by a document, they like to share it with users. They do this through \u201cBouches-\u00e0-oreille\u201d, bookmarks placed in the documents available on our various sites. We&#039;ve selected a few below to inspire you to pay us a visit.\" \/>\n<meta property=\"og:url\" content=\"https:\/\/www.bcu-lausanne.ch\/en\/earplugs\/mouth-to-ear-autumn-2022\/\" \/>\n<meta property=\"og:site_name\" content=\"BCUL\" \/>\n<meta property=\"article:publisher\" content=\"https:\/\/www.facebook.com\/BCULausanne\" \/>\n<meta property=\"article:published_time\" content=\"2025-06-19T09:14:17+00:00\" \/>\n<meta property=\"article:modified_time\" content=\"2025-06-19T09:14:22+00:00\" \/>\n<meta property=\"og:image\" content=\"https:\/\/www.bcu-lausanne.ch\/wp-content\/uploads\/2020\/11\/blog_bao_1100x395_3.jpg\" \/>\n\t<meta property=\"og:image:width\" content=\"1100\" \/>\n\t<meta property=\"og:image:height\" content=\"395\" \/>\n\t<meta property=\"og:image:type\" content=\"image\/jpeg\" \/>\n<meta name=\"author\" content=\"Maaike Vautier\" \/>\n<meta name=\"twitter:card\" content=\"summary_large_image\" \/>\n<meta name=\"twitter:creator\" content=\"@BCULausanne\" \/>\n<meta name=\"twitter:site\" content=\"@BCULausanne\" \/>\n<meta name=\"twitter:label1\" content=\"Written by\" \/>\n\t<meta name=\"twitter:data1\" content=\"Maaike Vautier\" \/>\n\t<meta name=\"twitter:label2\" content=\"Est. reading time\" \/>\n\t<meta name=\"twitter:data2\" content=\"2 minutes\" \/>\n<script type=\"application\/ld+json\" class=\"yoast-schema-graph\">{\"@context\":\"https:\\\/\\\/schema.org\",\"@graph\":[{\"@type\":\"Article\",\"@id\":\"https:\\\/\\\/www.bcu-lausanne.ch\\\/en\\\/earplugs\\\/mouth-to-ear-autumn-2022\\\/#article\",\"isPartOf\":{\"@id\":\"https:\\\/\\\/www.bcu-lausanne.ch\\\/en\\\/earplugs\\\/mouth-to-ear-autumn-2022\\\/\"},\"author\":{\"name\":\"Maaike Vautier\",\"@id\":\"https:\\\/\\\/www.bcu-lausanne.ch\\\/#\\\/schema\\\/person\\\/34fa23b7e201380bbd4e00e764b9dd9d\"},\"headline\":\"Mouth to ear &#8211; autumn 2022\",\"datePublished\":\"2025-06-19T09:14:17+00:00\",\"dateModified\":\"2025-06-19T09:14:22+00:00\",\"mainEntityOfPage\":{\"@id\":\"https:\\\/\\\/www.bcu-lausanne.ch\\\/en\\\/earplugs\\\/mouth-to-ear-autumn-2022\\\/\"},\"wordCount\":500,\"commentCount\":0,\"publisher\":{\"@id\":\"https:\\\/\\\/www.bcu-lausanne.ch\\\/#organization\"},\"image\":{\"@id\":\"https:\\\/\\\/www.bcu-lausanne.ch\\\/en\\\/earplugs\\\/mouth-to-ear-autumn-2022\\\/#primaryimage\"},\"thumbnailUrl\":\"https:\\\/\\\/www.bcu-lausanne.ch\\\/wp-content\\\/uploads\\\/2020\\\/11\\\/blog_bao_1100x395_3.jpg\",\"articleSection\":[\"Earplugs\"],\"inLanguage\":\"en-US\",\"potentialAction\":[{\"@type\":\"CommentAction\",\"name\":\"Comment\",\"target\":[\"https:\\\/\\\/www.bcu-lausanne.ch\\\/en\\\/earplugs\\\/mouth-to-ear-autumn-2022\\\/#respond\"]}]},{\"@type\":\"WebPage\",\"@id\":\"https:\\\/\\\/www.bcu-lausanne.ch\\\/en\\\/earplugs\\\/mouth-to-ear-autumn-2022\\\/\",\"url\":\"https:\\\/\\\/www.bcu-lausanne.ch\\\/en\\\/earplugs\\\/mouth-to-ear-autumn-2022\\\/\",\"name\":\"Mouth to ear - autumn 2022 - BCUL\",\"isPartOf\":{\"@id\":\"https:\\\/\\\/www.bcu-lausanne.ch\\\/#website\"},\"primaryImageOfPage\":{\"@id\":\"https:\\\/\\\/www.bcu-lausanne.ch\\\/en\\\/earplugs\\\/mouth-to-ear-autumn-2022\\\/#primaryimage\"},\"image\":{\"@id\":\"https:\\\/\\\/www.bcu-lausanne.ch\\\/en\\\/earplugs\\\/mouth-to-ear-autumn-2022\\\/#primaryimage\"},\"thumbnailUrl\":\"https:\\\/\\\/www.bcu-lausanne.ch\\\/wp-content\\\/uploads\\\/2020\\\/11\\\/blog_bao_1100x395_3.jpg\",\"datePublished\":\"2025-06-19T09:14:17+00:00\",\"dateModified\":\"2025-06-19T09:14:22+00:00\",\"breadcrumb\":{\"@id\":\"https:\\\/\\\/www.bcu-lausanne.ch\\\/en\\\/earplugs\\\/mouth-to-ear-autumn-2022\\\/#breadcrumb\"},\"inLanguage\":\"en-US\",\"potentialAction\":[{\"@type\":\"ReadAction\",\"target\":[\"https:\\\/\\\/www.bcu-lausanne.ch\\\/en\\\/earplugs\\\/mouth-to-ear-autumn-2022\\\/\"]}]},{\"@type\":\"ImageObject\",\"inLanguage\":\"en-US\",\"@id\":\"https:\\\/\\\/www.bcu-lausanne.ch\\\/en\\\/earplugs\\\/mouth-to-ear-autumn-2022\\\/#primaryimage\",\"url\":\"https:\\\/\\\/www.bcu-lausanne.ch\\\/wp-content\\\/uploads\\\/2020\\\/11\\\/blog_bao_1100x395_3.jpg\",\"contentUrl\":\"https:\\\/\\\/www.bcu-lausanne.ch\\\/wp-content\\\/uploads\\\/2020\\\/11\\\/blog_bao_1100x395_3.jpg\",\"width\":1100,\"height\":395,\"caption\":\"Un dessin de bouche souriante sur fond beige.\"},{\"@type\":\"BreadcrumbList\",\"@id\":\"https:\\\/\\\/www.bcu-lausanne.ch\\\/en\\\/earplugs\\\/mouth-to-ear-autumn-2022\\\/#breadcrumb\",\"itemListElement\":[{\"@type\":\"ListItem\",\"position\":1,\"name\":\"Accueil\",\"item\":\"https:\\\/\\\/www.bcu-lausanne.ch\\\/en\\\/\"},{\"@type\":\"ListItem\",\"position\":2,\"name\":\"Mouth to ear &#8211; autumn 2022\"}]},{\"@type\":\"WebSite\",\"@id\":\"https:\\\/\\\/www.bcu-lausanne.ch\\\/#website\",\"url\":\"https:\\\/\\\/www.bcu-lausanne.ch\\\/\",\"name\":\"BCUL\",\"description\":\"Biblioth\u00e8que cantonale et universitaire - Lausanne\",\"publisher\":{\"@id\":\"https:\\\/\\\/www.bcu-lausanne.ch\\\/#organization\"},\"potentialAction\":[{\"@type\":\"SearchAction\",\"target\":{\"@type\":\"EntryPoint\",\"urlTemplate\":\"https:\\\/\\\/www.bcu-lausanne.ch\\\/?s={search_term_string}\"},\"query-input\":{\"@type\":\"PropertyValueSpecification\",\"valueRequired\":true,\"valueName\":\"search_term_string\"}}],\"inLanguage\":\"en-US\"},{\"@type\":\"Organization\",\"@id\":\"https:\\\/\\\/www.bcu-lausanne.ch\\\/#organization\",\"name\":\"BCU Lausanne\",\"url\":\"https:\\\/\\\/www.bcu-lausanne.ch\\\/\",\"logo\":{\"@type\":\"ImageObject\",\"inLanguage\":\"en-US\",\"@id\":\"https:\\\/\\\/www.bcu-lausanne.ch\\\/#\\\/schema\\\/logo\\\/image\\\/\",\"url\":\"https:\\\/\\\/www.bcu-lausanne.ch\\\/wp-content\\\/uploads\\\/2020\\\/05\\\/bcul-logo-rvb.png\",\"contentUrl\":\"https:\\\/\\\/www.bcu-lausanne.ch\\\/wp-content\\\/uploads\\\/2020\\\/05\\\/bcul-logo-rvb.png\",\"width\":1535,\"height\":1181,\"caption\":\"BCU Lausanne\"},\"image\":{\"@id\":\"https:\\\/\\\/www.bcu-lausanne.ch\\\/#\\\/schema\\\/logo\\\/image\\\/\"},\"sameAs\":[\"https:\\\/\\\/www.facebook.com\\\/BCULausanne\",\"https:\\\/\\\/x.com\\\/BCULausanne\",\"https:\\\/\\\/www.instagram.com\\\/bculausanne\\\/\",\"https:\\\/\\\/www.linkedin.com\\\/company\\\/bcu-lausanne\\\/\",\"https:\\\/\\\/www.youtube.com\\\/channel\\\/UCdk4ItiYuWBJBz6yZnOPaEw\"]},{\"@type\":\"Person\",\"@id\":\"https:\\\/\\\/www.bcu-lausanne.ch\\\/#\\\/schema\\\/person\\\/34fa23b7e201380bbd4e00e764b9dd9d\",\"name\":\"Maaike Vautier\",\"image\":{\"@type\":\"ImageObject\",\"inLanguage\":\"en-US\",\"@id\":\"https:\\\/\\\/secure.gravatar.com\\\/avatar\\\/500a0a5c4003b6990027178b38f4f429d851f589737bb5fa8c15ecad2730787b?s=96&d=mm&r=gff9dbfa4bdcb7cc9aeda4b1d797d41e2\",\"url\":\"https:\\\/\\\/secure.gravatar.com\\\/avatar\\\/500a0a5c4003b6990027178b38f4f429d851f589737bb5fa8c15ecad2730787b?s=96&d=mm&r=g\",\"contentUrl\":\"https:\\\/\\\/secure.gravatar.com\\\/avatar\\\/500a0a5c4003b6990027178b38f4f429d851f589737bb5fa8c15ecad2730787b?s=96&d=mm&r=g\",\"caption\":\"Maaike Vautier\"}}]}<\/script>\n<!-- \/ Yoast SEO plugin. -->","yoast_head_json":{"title":"Mouth to ear - autumn 2022 - BCUL","robots":{"index":"index","follow":"follow","max-snippet":"max-snippet:-1","max-image-preview":"max-image-preview:large","max-video-preview":"max-video-preview:-1"},"canonical":"https:\/\/www.bcu-lausanne.ch\/en\/earplugs\/mouth-to-ear-autumn-2022\/","og_locale":"en_US","og_type":"article","og_title":"Mouth to ear - autumn 2022 - BCUL","og_description":"When BCUL librarians are challenged, jostled, amused, transported or transformed by a document, they like to share it with users. They do this through \u201cBouches-\u00e0-oreille\u201d, bookmarks placed in the documents available on our various sites. We've selected a few below to inspire you to pay us a visit.","og_url":"https:\/\/www.bcu-lausanne.ch\/en\/earplugs\/mouth-to-ear-autumn-2022\/","og_site_name":"BCUL","article_publisher":"https:\/\/www.facebook.com\/BCULausanne","article_published_time":"2025-06-19T09:14:17+00:00","article_modified_time":"2025-06-19T09:14:22+00:00","og_image":[{"width":1100,"height":395,"url":"https:\/\/www.bcu-lausanne.ch\/wp-content\/uploads\/2020\/11\/blog_bao_1100x395_3.jpg","type":"image\/jpeg"}],"author":"Maaike Vautier","twitter_card":"summary_large_image","twitter_creator":"@BCULausanne","twitter_site":"@BCULausanne","twitter_misc":{"Written by":"Maaike Vautier","Est. reading time":"2 minutes"},"schema":{"@context":"https:\/\/schema.org","@graph":[{"@type":"Article","@id":"https:\/\/www.bcu-lausanne.ch\/en\/earplugs\/mouth-to-ear-autumn-2022\/#article","isPartOf":{"@id":"https:\/\/www.bcu-lausanne.ch\/en\/earplugs\/mouth-to-ear-autumn-2022\/"},"author":{"name":"Maaike Vautier","@id":"https:\/\/www.bcu-lausanne.ch\/#\/schema\/person\/34fa23b7e201380bbd4e00e764b9dd9d"},"headline":"Mouth to ear &#8211; autumn 2022","datePublished":"2025-06-19T09:14:17+00:00","dateModified":"2025-06-19T09:14:22+00:00","mainEntityOfPage":{"@id":"https:\/\/www.bcu-lausanne.ch\/en\/earplugs\/mouth-to-ear-autumn-2022\/"},"wordCount":500,"commentCount":0,"publisher":{"@id":"https:\/\/www.bcu-lausanne.ch\/#organization"},"image":{"@id":"https:\/\/www.bcu-lausanne.ch\/en\/earplugs\/mouth-to-ear-autumn-2022\/#primaryimage"},"thumbnailUrl":"https:\/\/www.bcu-lausanne.ch\/wp-content\/uploads\/2020\/11\/blog_bao_1100x395_3.jpg","articleSection":["Earplugs"],"inLanguage":"en-US","potentialAction":[{"@type":"CommentAction","name":"Comment","target":["https:\/\/www.bcu-lausanne.ch\/en\/earplugs\/mouth-to-ear-autumn-2022\/#respond"]}]},{"@type":"WebPage","@id":"https:\/\/www.bcu-lausanne.ch\/en\/earplugs\/mouth-to-ear-autumn-2022\/","url":"https:\/\/www.bcu-lausanne.ch\/en\/earplugs\/mouth-to-ear-autumn-2022\/","name":"Mouth to ear - autumn 2022 - BCUL","isPartOf":{"@id":"https:\/\/www.bcu-lausanne.ch\/#website"},"primaryImageOfPage":{"@id":"https:\/\/www.bcu-lausanne.ch\/en\/earplugs\/mouth-to-ear-autumn-2022\/#primaryimage"},"image":{"@id":"https:\/\/www.bcu-lausanne.ch\/en\/earplugs\/mouth-to-ear-autumn-2022\/#primaryimage"},"thumbnailUrl":"https:\/\/www.bcu-lausanne.ch\/wp-content\/uploads\/2020\/11\/blog_bao_1100x395_3.jpg","datePublished":"2025-06-19T09:14:17+00:00","dateModified":"2025-06-19T09:14:22+00:00","breadcrumb":{"@id":"https:\/\/www.bcu-lausanne.ch\/en\/earplugs\/mouth-to-ear-autumn-2022\/#breadcrumb"},"inLanguage":"en-US","potentialAction":[{"@type":"ReadAction","target":["https:\/\/www.bcu-lausanne.ch\/en\/earplugs\/mouth-to-ear-autumn-2022\/"]}]},{"@type":"ImageObject","inLanguage":"en-US","@id":"https:\/\/www.bcu-lausanne.ch\/en\/earplugs\/mouth-to-ear-autumn-2022\/#primaryimage","url":"https:\/\/www.bcu-lausanne.ch\/wp-content\/uploads\/2020\/11\/blog_bao_1100x395_3.jpg","contentUrl":"https:\/\/www.bcu-lausanne.ch\/wp-content\/uploads\/2020\/11\/blog_bao_1100x395_3.jpg","width":1100,"height":395,"caption":"Un dessin de bouche souriante sur fond beige."},{"@type":"BreadcrumbList","@id":"https:\/\/www.bcu-lausanne.ch\/en\/earplugs\/mouth-to-ear-autumn-2022\/#breadcrumb","itemListElement":[{"@type":"ListItem","position":1,"name":"Accueil","item":"https:\/\/www.bcu-lausanne.ch\/en\/"},{"@type":"ListItem","position":2,"name":"Mouth to ear &#8211; autumn 2022"}]},{"@type":"WebSite","@id":"https:\/\/www.bcu-lausanne.ch\/#website","url":"https:\/\/www.bcu-lausanne.ch\/","name":"BCUL","description":"Biblioth\u00e8que cantonale et universitaire - Lausanne","publisher":{"@id":"https:\/\/www.bcu-lausanne.ch\/#organization"},"potentialAction":[{"@type":"SearchAction","target":{"@type":"EntryPoint","urlTemplate":"https:\/\/www.bcu-lausanne.ch\/?s={search_term_string}"},"query-input":{"@type":"PropertyValueSpecification","valueRequired":true,"valueName":"search_term_string"}}],"inLanguage":"en-US"},{"@type":"Organization","@id":"https:\/\/www.bcu-lausanne.ch\/#organization","name":"BCU Lausanne","url":"https:\/\/www.bcu-lausanne.ch\/","logo":{"@type":"ImageObject","inLanguage":"en-US","@id":"https:\/\/www.bcu-lausanne.ch\/#\/schema\/logo\/image\/","url":"https:\/\/www.bcu-lausanne.ch\/wp-content\/uploads\/2020\/05\/bcul-logo-rvb.png","contentUrl":"https:\/\/www.bcu-lausanne.ch\/wp-content\/uploads\/2020\/05\/bcul-logo-rvb.png","width":1535,"height":1181,"caption":"BCU Lausanne"},"image":{"@id":"https:\/\/www.bcu-lausanne.ch\/#\/schema\/logo\/image\/"},"sameAs":["https:\/\/www.facebook.com\/BCULausanne","https:\/\/x.com\/BCULausanne","https:\/\/www.instagram.com\/bculausanne\/","https:\/\/www.linkedin.com\/company\/bcu-lausanne\/","https:\/\/www.youtube.com\/channel\/UCdk4ItiYuWBJBz6yZnOPaEw"]},{"@type":"Person","@id":"https:\/\/www.bcu-lausanne.ch\/#\/schema\/person\/34fa23b7e201380bbd4e00e764b9dd9d","name":"Maaike Vautier","image":{"@type":"ImageObject","inLanguage":"en-US","@id":"https:\/\/secure.gravatar.com\/avatar\/500a0a5c4003b6990027178b38f4f429d851f589737bb5fa8c15ecad2730787b?s=96&d=mm&r=gff9dbfa4bdcb7cc9aeda4b1d797d41e2","url":"https:\/\/secure.gravatar.com\/avatar\/500a0a5c4003b6990027178b38f4f429d851f589737bb5fa8c15ecad2730787b?s=96&d=mm&r=g","contentUrl":"https:\/\/secure.gravatar.com\/avatar\/500a0a5c4003b6990027178b38f4f429d851f589737bb5fa8c15ecad2730787b?s=96&d=mm&r=g","caption":"Maaike Vautier"}}]}},"_links":{"self":[{"href":"https:\/\/www.bcu-lausanne.ch\/en\/wp-json\/wp\/v2\/posts\/40276","targetHints":{"allow":["GET"]}}],"collection":[{"href":"https:\/\/www.bcu-lausanne.ch\/en\/wp-json\/wp\/v2\/posts"}],"about":[{"href":"https:\/\/www.bcu-lausanne.ch\/en\/wp-json\/wp\/v2\/types\/post"}],"author":[{"embeddable":true,"href":"https:\/\/www.bcu-lausanne.ch\/en\/wp-json\/wp\/v2\/users\/92"}],"replies":[{"embeddable":true,"href":"https:\/\/www.bcu-lausanne.ch\/en\/wp-json\/wp\/v2\/comments?post=40276"}],"version-history":[{"count":1,"href":"https:\/\/www.bcu-lausanne.ch\/en\/wp-json\/wp\/v2\/posts\/40276\/revisions"}],"predecessor-version":[{"id":40278,"href":"https:\/\/www.bcu-lausanne.ch\/en\/wp-json\/wp\/v2\/posts\/40276\/revisions\/40278"}],"wp:featuredmedia":[{"embeddable":true,"href":"https:\/\/www.bcu-lausanne.ch\/en\/wp-json\/wp\/v2\/media\/11563"}],"wp:attachment":[{"href":"https:\/\/www.bcu-lausanne.ch\/en\/wp-json\/wp\/v2\/media?parent=40276"}],"wp:term":[{"taxonomy":"category","embeddable":true,"href":"https:\/\/www.bcu-lausanne.ch\/en\/wp-json\/wp\/v2\/categories?post=40276"},{"taxonomy":"author","embeddable":true,"href":"https:\/\/www.bcu-lausanne.ch\/en\/wp-json\/wp\/v2\/coauthors?post=40276"}],"curies":[{"name":"wp","href":"https:\/\/api.w.org\/{rel}","templated":true}]}}