{"id":40235,"date":"2025-06-19T11:13:58","date_gmt":"2025-06-19T09:13:58","guid":{"rendered":"https:\/\/www.bcu-lausanne.ch\/from-sign-to-sound-5-6-stephane-grappelli-violinist-of-the-soul\/"},"modified":"2025-06-19T11:14:02","modified_gmt":"2025-06-19T09:14:02","slug":"from-sign-to-sound-5-6-stephane-grappelli-violinist-of-the-soul","status":"publish","type":"post","link":"https:\/\/www.bcu-lausanne.ch\/en\/en-ce-moment-en\/from-sign-to-sound-5-6-stephane-grappelli-violinist-of-the-soul\/","title":{"rendered":"From sign to sound (5\/6) : St\u00e9phane Grappelli, violinist of the soul"},"content":{"rendered":"\n<p>From classical music to French chanson, the <em>Du signe au son<\/em> series is now turning its attention to jazz. The art of interpretation concerns all genres of music! In the spotlight is the inventor of the jazz violin: St\u00e9phane Grappelli, who passed away 25 years ago.  <\/p>\n\n<p>Paris, the courtyards of Montmartre buildings, cinemas accompanying silent films, bars and cabarets. Here are the first scenes of young St\u00e9phane Grappelli, on violin but also on piano. Yes, because the piano was his first instrument, and the improvising violinist he was to become considered it indispensable for mastering chords and harmonic sequences.  <\/p>\n\n<p>In the early 1930s, Django Reinhardt&#8217;s meeting with the guitarist from a Sint\u00e9 family was to prove decisive and change his life. The two musicians went on to form the Quintette du Hot Club de France. The Paris jazz scene was about to be turned upside down! A jazz quintet with no brass, woodwind or percussion instruments. Three guitars, a violin and a double bass &#8211; all string instruments, typical of gypsy bands. Unheard of! But that&#8217;s not all. A new style of jazz was also created: gypsy jazz, unifying the gypsy, gypsy and jazz musical traditions. An important page in the history of jazz has just been written.        <\/p>\n\n<figure class=\"wp-block-embed is-type-video is-provider-youtube wp-block-embed-youtube wp-embed-aspect-4-3 wp-has-aspect-ratio\"><div class=\"wp-block-embed__wrapper\">\n<iframe loading=\"lazy\" title=\"Django Reinhardt &amp; Stephane Grappelli - Minor Swing\" width=\"500\" height=\"375\" src=\"https:\/\/www.youtube.com\/embed\/9CDoJFmdFgA?feature=oembed\" frameborder=\"0\" allow=\"accelerometer; autoplay; clipboard-write; encrypted-media; gyroscope; picture-in-picture; web-share\" referrerpolicy=\"strict-origin-when-cross-origin\" allowfullscreen><\/iframe>\n<\/div><\/figure>\n\n<p>After his partnership with Django Reinhardt, who sadly passed away on May 16, 1953 at the age of 42, Grappelli went on to perform with some of the greatest names in jazz: George Shearing, Duke Ellington, Oscar Peterson, Jean-Luc Ponty, Michel Petrucciani, David Grisman, Michel Legrand&#8230;<\/p>\n\n<figure class=\"wp-block-embed is-type-video is-provider-youtube wp-block-embed-youtube wp-embed-aspect-4-3 wp-has-aspect-ratio\"><div class=\"wp-block-embed__wrapper\">\n<iframe loading=\"lazy\" title=\"Duke Ellington and St\u00e9phane Grappelli 1973\" width=\"500\" height=\"375\" src=\"https:\/\/www.youtube.com\/embed\/rEY64fNG_3g?feature=oembed\" frameborder=\"0\" allow=\"accelerometer; autoplay; clipboard-write; encrypted-media; gyroscope; picture-in-picture; web-share\" referrerpolicy=\"strict-origin-when-cross-origin\" allowfullscreen><\/iframe>\n<\/div><\/figure>\n\n<p>He was also involved in prestigious collaborations, blending his style and playing with other musical genres: with Brazilian guitarist Baden Powell, British guitarist and lute player Julian Bream, singer Paul Simon, child prodigy violinist Yehudi Menuhin, and Pink Floyd for the track <em>Wish You Were Here<\/em>. The cinema also called on his talent: St\u00e9phane Grappelli wrote the soundtrack for Bertrand Blier&#8217;s film <em>Les Valseuses<\/em> (1974), performing original pieces, as well as the music for Louis Malle&#8217;s film <em>Milou en mai<\/em>(1989). <\/p>\n\n<figure class=\"wp-block-embed is-type-video is-provider-youtube wp-block-embed-youtube wp-embed-aspect-16-9 wp-has-aspect-ratio\"><div class=\"wp-block-embed__wrapper\">\n<iframe loading=\"lazy\" title=\"Menuhin (violi\u0301n) &amp; Grappelli (teclado)\" width=\"500\" height=\"281\" src=\"https:\/\/www.youtube.com\/embed\/tzgWVeERfjU?feature=oembed\" frameborder=\"0\" allow=\"accelerometer; autoplay; clipboard-write; encrypted-media; gyroscope; picture-in-picture; web-share\" referrerpolicy=\"strict-origin-when-cross-origin\" allowfullscreen><\/iframe>\n<\/div><\/figure>\n\n<p>On September 11, 1975, in Paris, St\u00e9phane Grappelli was awarded the L\u00e9gion d&#8217;honneur. France&#8217;s highest honor for his immense talent as a versatile musician. <\/p>\n\n<p>\u201cA few notes of his precious Guadagnini were enough to release a joie de vivre from another era, with sentiment and gentle brio,\u201d wrote Italian music critic Giacomo Pellicciotti the day after his death on December 1, 1997. Grappelli&#8217;s interpretative art has touched, and continues to touch, the minds of his audiences, thanks to the recordings he has left as his legacy. <\/p>\n\n<p>Discover the <a href=\"https:\/\/renouvaud1.primo.exlibrisgroup.com\/discovery\/search?query=any,contains,ripphono1%202248&amp;tab=Physical_resources&amp;search_scope=Physical_resources&amp;vid=41BCULAUSA_LIB:VU2&amp;offset=0\" target=\"_blank\" rel=\"noreferrer noopener\">selection of documents<\/a>.<\/p>\n\n<p><\/p>\n\n<div class=\"wp-block-group\"><div class=\"wp-block-group__inner-container is-layout-flow wp-block-group-is-layout-flow\">\n<p><strong>See and hear :<\/strong><\/p>\n\n\n\n<ul class=\"wp-block-list\"><li>Medici.tv: brings you <a href=\"https:\/\/edu.medici.tv\/fr\/jazz\/stephane-grappelli-live-in-paris\" target=\"_blank\" rel=\"noreferrer noopener\">St\u00e9phane Grappelli&#8217;s 1961 concert at the Maison de la Radio<\/a> in Paris. In this concert, the \u201cgodfather of jazz violin\u201d takes to the piano. If you&#8217;re away from the BCUL, UNIL or HEP premises, log on to the Medici.tv platform using your Renouvaud reader&#8217;s card number and password.  <\/li><li><a href=\"https:\/\/www.radiofrance.fr\/francemusique\/podcasts\/les-tresors-de-france-musique\/entretien-avec-stephane-grappelli-une-archive-de-1982-9162560\" target=\"_blank\" rel=\"noreferrer noopener\">Interview with St\u00e9phane Grappelli<\/a>: An archive from 1982, Radio France<\/li><li><a href=\"https:\/\/www.radiofrance.fr\/francemusique\/podcasts\/les-tresors-de-france-musique\/la-musique-des-musiciens-avec-stephane-grappelli-une-archive-de-1982-5819188\" target=\"_blank\" rel=\"noreferrer noopener\">Musicians&#8217; music with St\u00e9phane Grappelli<\/a>: An archive from 1982, Radio France<\/li><li><a href=\"https:\/\/www.radiofrance.fr\/francemusique\/podcasts\/open-jazz\/stephane-grappelli-88-cordes-8694687\" target=\"_blank\" rel=\"noreferrer noopener\">St\u00e9phane Grappelli, 88 strings<\/a>, Radio France<\/li><li><a href=\"https:\/\/www.radiofrance.fr\/francemusique\/podcasts\/open-jazz\/stephane-grappelli-le-poids-des-inedits-et-la-legerete-du-swing-9190510\" target=\"_blank\" rel=\"noreferrer noopener\">St\u00e9phane Grappelli, the weight of unpublished works and the lightness of swing<\/a>, Radio France<\/li><li><a href=\"https:\/\/www.ina.fr\/recherche?q=stephane+grappelli&amp;espace=1&amp;sort=pertinence&amp;order=desc\" target=\"_blank\" rel=\"noreferrer noopener\">St\u00e9phane Grappelli <\/a>in the archives of the Institut national de l&#8217;audiovisuel<\/li><\/ul>\n<\/div><\/div>\n\n<p><\/p>\n\n<p><strong>Follow us on the Blog and discover the last episode, on December 11, 2022: Ravi Shankar.<\/strong><\/p>\n","protected":false},"excerpt":{"rendered":"<p>From classical music to French chanson, the Du signe au son series is now turning its attention to jazz. The art of interpretation concerns all genres of music! In the spotlight is the inventor of the jazz violin: St\u00e9phane Grappelli, who passed away 25 years ago. Paris, the courtyards of Montmartre buildings, cinemas accompanying silent [&hellip;]<\/p>\n","protected":false},"author":28,"featured_media":24877,"comment_status":"open","ping_status":"open","sticky":false,"template":"","format":"standard","meta":{"_acf_changed":false,"_oasis_is_in_workflow":0,"_oasis_original":0,"_oasis_task_priority":"","footnotes":""},"categories":[1278,1279],"coauthors":[619],"class_list":["post-40235","post","type-post","status-publish","format-standard","has-post-thumbnail","hentry","category-en-ce-moment-en","category-selections-en"],"acf":[],"yoast_head":"<!-- This site is optimized with the Yoast SEO plugin v27.5 - https:\/\/yoast.com\/product\/yoast-seo-wordpress\/ -->\n<title>From sign to sound (5\/6) : St\u00e9phane Grappelli, violinist of the soul - BCUL<\/title>\n<meta name=\"robots\" content=\"index, follow, max-snippet:-1, max-image-preview:large, max-video-preview:-1\" \/>\n<link rel=\"canonical\" href=\"https:\/\/www.bcu-lausanne.ch\/en\/en-ce-moment-en\/from-sign-to-sound-5-6-stephane-grappelli-violinist-of-the-soul\/\" \/>\n<meta property=\"og:locale\" content=\"en_US\" \/>\n<meta property=\"og:type\" content=\"article\" \/>\n<meta property=\"og:title\" content=\"From sign to sound (5\/6) : St\u00e9phane Grappelli, violinist of the soul - BCUL\" \/>\n<meta property=\"og:description\" content=\"From classical music to French chanson, the Du signe au son series is now turning its attention to jazz. The art of interpretation concerns all genres of music! In the spotlight is the inventor of the jazz violin: St\u00e9phane Grappelli, who passed away 25 years ago. Paris, the courtyards of Montmartre buildings, cinemas accompanying silent [&hellip;]\" \/>\n<meta property=\"og:url\" content=\"https:\/\/www.bcu-lausanne.ch\/en\/en-ce-moment-en\/from-sign-to-sound-5-6-stephane-grappelli-violinist-of-the-soul\/\" \/>\n<meta property=\"og:site_name\" content=\"BCUL\" \/>\n<meta property=\"article:publisher\" content=\"https:\/\/www.facebook.com\/BCULausanne\" \/>\n<meta property=\"article:published_time\" content=\"2025-06-19T09:13:58+00:00\" \/>\n<meta property=\"article:modified_time\" content=\"2025-06-19T09:14:02+00:00\" \/>\n<meta property=\"og:image\" content=\"https:\/\/www.bcu-lausanne.ch\/wp-content\/uploads\/2022\/02\/sheet-music-scaled.jpg\" \/>\n\t<meta property=\"og:image:width\" content=\"2560\" \/>\n\t<meta property=\"og:image:height\" content=\"1707\" \/>\n\t<meta property=\"og:image:type\" content=\"image\/jpeg\" \/>\n<meta name=\"author\" content=\"Federica Rusconi Castellani\" \/>\n<meta name=\"twitter:card\" content=\"summary_large_image\" \/>\n<meta name=\"twitter:creator\" content=\"@BCULausanne\" \/>\n<meta name=\"twitter:site\" content=\"@BCULausanne\" \/>\n<meta name=\"twitter:label1\" content=\"Written by\" \/>\n\t<meta name=\"twitter:data1\" content=\"Federica Rusconi Castellani\" \/>\n\t<meta name=\"twitter:label2\" content=\"Est. reading time\" \/>\n\t<meta name=\"twitter:data2\" content=\"3 minutes\" \/>\n<script type=\"application\/ld+json\" class=\"yoast-schema-graph\">{\"@context\":\"https:\\\/\\\/schema.org\",\"@graph\":[{\"@type\":\"Article\",\"@id\":\"https:\\\/\\\/www.bcu-lausanne.ch\\\/en\\\/en-ce-moment-en\\\/from-sign-to-sound-5-6-stephane-grappelli-violinist-of-the-soul\\\/#article\",\"isPartOf\":{\"@id\":\"https:\\\/\\\/www.bcu-lausanne.ch\\\/en\\\/en-ce-moment-en\\\/from-sign-to-sound-5-6-stephane-grappelli-violinist-of-the-soul\\\/\"},\"author\":{\"name\":\"Federica Rusconi Castellani\",\"@id\":\"https:\\\/\\\/www.bcu-lausanne.ch\\\/#\\\/schema\\\/person\\\/a62d9979a2df560313c43ece43c11d21\"},\"headline\":\"From sign to sound (5\\\/6) : St\u00e9phane Grappelli, violinist of the soul\",\"datePublished\":\"2025-06-19T09:13:58+00:00\",\"dateModified\":\"2025-06-19T09:14:02+00:00\",\"mainEntityOfPage\":{\"@id\":\"https:\\\/\\\/www.bcu-lausanne.ch\\\/en\\\/en-ce-moment-en\\\/from-sign-to-sound-5-6-stephane-grappelli-violinist-of-the-soul\\\/\"},\"wordCount\":581,\"commentCount\":0,\"publisher\":{\"@id\":\"https:\\\/\\\/www.bcu-lausanne.ch\\\/#organization\"},\"image\":{\"@id\":\"https:\\\/\\\/www.bcu-lausanne.ch\\\/en\\\/en-ce-moment-en\\\/from-sign-to-sound-5-6-stephane-grappelli-violinist-of-the-soul\\\/#primaryimage\"},\"thumbnailUrl\":\"https:\\\/\\\/www.bcu-lausanne.ch\\\/wp-content\\\/uploads\\\/2022\\\/02\\\/sheet-music-scaled.jpg\",\"articleSection\":[\"En ce moment\",\"S\u00e9lections\"],\"inLanguage\":\"en-US\",\"potentialAction\":[{\"@type\":\"CommentAction\",\"name\":\"Comment\",\"target\":[\"https:\\\/\\\/www.bcu-lausanne.ch\\\/en\\\/en-ce-moment-en\\\/from-sign-to-sound-5-6-stephane-grappelli-violinist-of-the-soul\\\/#respond\"]}]},{\"@type\":\"WebPage\",\"@id\":\"https:\\\/\\\/www.bcu-lausanne.ch\\\/en\\\/en-ce-moment-en\\\/from-sign-to-sound-5-6-stephane-grappelli-violinist-of-the-soul\\\/\",\"url\":\"https:\\\/\\\/www.bcu-lausanne.ch\\\/en\\\/en-ce-moment-en\\\/from-sign-to-sound-5-6-stephane-grappelli-violinist-of-the-soul\\\/\",\"name\":\"From sign to sound (5\\\/6) : St\u00e9phane Grappelli, violinist of the soul - BCUL\",\"isPartOf\":{\"@id\":\"https:\\\/\\\/www.bcu-lausanne.ch\\\/#website\"},\"primaryImageOfPage\":{\"@id\":\"https:\\\/\\\/www.bcu-lausanne.ch\\\/en\\\/en-ce-moment-en\\\/from-sign-to-sound-5-6-stephane-grappelli-violinist-of-the-soul\\\/#primaryimage\"},\"image\":{\"@id\":\"https:\\\/\\\/www.bcu-lausanne.ch\\\/en\\\/en-ce-moment-en\\\/from-sign-to-sound-5-6-stephane-grappelli-violinist-of-the-soul\\\/#primaryimage\"},\"thumbnailUrl\":\"https:\\\/\\\/www.bcu-lausanne.ch\\\/wp-content\\\/uploads\\\/2022\\\/02\\\/sheet-music-scaled.jpg\",\"datePublished\":\"2025-06-19T09:13:58+00:00\",\"dateModified\":\"2025-06-19T09:14:02+00:00\",\"breadcrumb\":{\"@id\":\"https:\\\/\\\/www.bcu-lausanne.ch\\\/en\\\/en-ce-moment-en\\\/from-sign-to-sound-5-6-stephane-grappelli-violinist-of-the-soul\\\/#breadcrumb\"},\"inLanguage\":\"en-US\",\"potentialAction\":[{\"@type\":\"ReadAction\",\"target\":[\"https:\\\/\\\/www.bcu-lausanne.ch\\\/en\\\/en-ce-moment-en\\\/from-sign-to-sound-5-6-stephane-grappelli-violinist-of-the-soul\\\/\"]}]},{\"@type\":\"ImageObject\",\"inLanguage\":\"en-US\",\"@id\":\"https:\\\/\\\/www.bcu-lausanne.ch\\\/en\\\/en-ce-moment-en\\\/from-sign-to-sound-5-6-stephane-grappelli-violinist-of-the-soul\\\/#primaryimage\",\"url\":\"https:\\\/\\\/www.bcu-lausanne.ch\\\/wp-content\\\/uploads\\\/2022\\\/02\\\/sheet-music-scaled.jpg\",\"contentUrl\":\"https:\\\/\\\/www.bcu-lausanne.ch\\\/wp-content\\\/uploads\\\/2022\\\/02\\\/sheet-music-scaled.jpg\",\"width\":2560,\"height\":1707,\"caption\":\"Une paire de lutrins avec des partitions ouvertes \u00e9clair\u00e9s par une lumi\u00e8re bleue.\"},{\"@type\":\"BreadcrumbList\",\"@id\":\"https:\\\/\\\/www.bcu-lausanne.ch\\\/en\\\/en-ce-moment-en\\\/from-sign-to-sound-5-6-stephane-grappelli-violinist-of-the-soul\\\/#breadcrumb\",\"itemListElement\":[{\"@type\":\"ListItem\",\"position\":1,\"name\":\"Accueil\",\"item\":\"https:\\\/\\\/www.bcu-lausanne.ch\\\/en\\\/\"},{\"@type\":\"ListItem\",\"position\":2,\"name\":\"From sign to sound (5\\\/6) : St\u00e9phane Grappelli, violinist of the soul\"}]},{\"@type\":\"WebSite\",\"@id\":\"https:\\\/\\\/www.bcu-lausanne.ch\\\/#website\",\"url\":\"https:\\\/\\\/www.bcu-lausanne.ch\\\/\",\"name\":\"BCUL\",\"description\":\"Biblioth\u00e8que cantonale et universitaire - Lausanne\",\"publisher\":{\"@id\":\"https:\\\/\\\/www.bcu-lausanne.ch\\\/#organization\"},\"potentialAction\":[{\"@type\":\"SearchAction\",\"target\":{\"@type\":\"EntryPoint\",\"urlTemplate\":\"https:\\\/\\\/www.bcu-lausanne.ch\\\/?s={search_term_string}\"},\"query-input\":{\"@type\":\"PropertyValueSpecification\",\"valueRequired\":true,\"valueName\":\"search_term_string\"}}],\"inLanguage\":\"en-US\"},{\"@type\":\"Organization\",\"@id\":\"https:\\\/\\\/www.bcu-lausanne.ch\\\/#organization\",\"name\":\"BCU Lausanne\",\"url\":\"https:\\\/\\\/www.bcu-lausanne.ch\\\/\",\"logo\":{\"@type\":\"ImageObject\",\"inLanguage\":\"en-US\",\"@id\":\"https:\\\/\\\/www.bcu-lausanne.ch\\\/#\\\/schema\\\/logo\\\/image\\\/\",\"url\":\"https:\\\/\\\/www.bcu-lausanne.ch\\\/wp-content\\\/uploads\\\/2020\\\/05\\\/bcul-logo-rvb.png\",\"contentUrl\":\"https:\\\/\\\/www.bcu-lausanne.ch\\\/wp-content\\\/uploads\\\/2020\\\/05\\\/bcul-logo-rvb.png\",\"width\":1535,\"height\":1181,\"caption\":\"BCU Lausanne\"},\"image\":{\"@id\":\"https:\\\/\\\/www.bcu-lausanne.ch\\\/#\\\/schema\\\/logo\\\/image\\\/\"},\"sameAs\":[\"https:\\\/\\\/www.facebook.com\\\/BCULausanne\",\"https:\\\/\\\/x.com\\\/BCULausanne\",\"https:\\\/\\\/www.instagram.com\\\/bculausanne\\\/\",\"https:\\\/\\\/www.linkedin.com\\\/company\\\/bcu-lausanne\\\/\",\"https:\\\/\\\/www.youtube.com\\\/channel\\\/UCdk4ItiYuWBJBz6yZnOPaEw\"]},{\"@type\":\"Person\",\"@id\":\"https:\\\/\\\/www.bcu-lausanne.ch\\\/#\\\/schema\\\/person\\\/a62d9979a2df560313c43ece43c11d21\",\"name\":\"Federica Rusconi Castellani\",\"image\":{\"@type\":\"ImageObject\",\"inLanguage\":\"en-US\",\"@id\":\"https:\\\/\\\/secure.gravatar.com\\\/avatar\\\/7b86242abd85efaee0247160dba7a6641f8285be0bf5cb9a89bcf4411f2a472c?s=96&d=mm&r=gcf78954b12da1407ae4c763176676e78\",\"url\":\"https:\\\/\\\/secure.gravatar.com\\\/avatar\\\/7b86242abd85efaee0247160dba7a6641f8285be0bf5cb9a89bcf4411f2a472c?s=96&d=mm&r=g\",\"contentUrl\":\"https:\\\/\\\/secure.gravatar.com\\\/avatar\\\/7b86242abd85efaee0247160dba7a6641f8285be0bf5cb9a89bcf4411f2a472c?s=96&d=mm&r=g\",\"caption\":\"Federica Rusconi Castellani\"}}]}<\/script>\n<!-- \/ Yoast SEO plugin. -->","yoast_head_json":{"title":"From sign to sound (5\/6) : St\u00e9phane Grappelli, violinist of the soul - BCUL","robots":{"index":"index","follow":"follow","max-snippet":"max-snippet:-1","max-image-preview":"max-image-preview:large","max-video-preview":"max-video-preview:-1"},"canonical":"https:\/\/www.bcu-lausanne.ch\/en\/en-ce-moment-en\/from-sign-to-sound-5-6-stephane-grappelli-violinist-of-the-soul\/","og_locale":"en_US","og_type":"article","og_title":"From sign to sound (5\/6) : St\u00e9phane Grappelli, violinist of the soul - BCUL","og_description":"From classical music to French chanson, the Du signe au son series is now turning its attention to jazz. The art of interpretation concerns all genres of music! In the spotlight is the inventor of the jazz violin: St\u00e9phane Grappelli, who passed away 25 years ago. Paris, the courtyards of Montmartre buildings, cinemas accompanying silent [&hellip;]","og_url":"https:\/\/www.bcu-lausanne.ch\/en\/en-ce-moment-en\/from-sign-to-sound-5-6-stephane-grappelli-violinist-of-the-soul\/","og_site_name":"BCUL","article_publisher":"https:\/\/www.facebook.com\/BCULausanne","article_published_time":"2025-06-19T09:13:58+00:00","article_modified_time":"2025-06-19T09:14:02+00:00","og_image":[{"width":2560,"height":1707,"url":"https:\/\/www.bcu-lausanne.ch\/wp-content\/uploads\/2022\/02\/sheet-music-scaled.jpg","type":"image\/jpeg"}],"author":"Federica Rusconi Castellani","twitter_card":"summary_large_image","twitter_creator":"@BCULausanne","twitter_site":"@BCULausanne","twitter_misc":{"Written by":"Federica Rusconi Castellani","Est. reading time":"3 minutes"},"schema":{"@context":"https:\/\/schema.org","@graph":[{"@type":"Article","@id":"https:\/\/www.bcu-lausanne.ch\/en\/en-ce-moment-en\/from-sign-to-sound-5-6-stephane-grappelli-violinist-of-the-soul\/#article","isPartOf":{"@id":"https:\/\/www.bcu-lausanne.ch\/en\/en-ce-moment-en\/from-sign-to-sound-5-6-stephane-grappelli-violinist-of-the-soul\/"},"author":{"name":"Federica Rusconi Castellani","@id":"https:\/\/www.bcu-lausanne.ch\/#\/schema\/person\/a62d9979a2df560313c43ece43c11d21"},"headline":"From sign to sound (5\/6) : St\u00e9phane Grappelli, violinist of the soul","datePublished":"2025-06-19T09:13:58+00:00","dateModified":"2025-06-19T09:14:02+00:00","mainEntityOfPage":{"@id":"https:\/\/www.bcu-lausanne.ch\/en\/en-ce-moment-en\/from-sign-to-sound-5-6-stephane-grappelli-violinist-of-the-soul\/"},"wordCount":581,"commentCount":0,"publisher":{"@id":"https:\/\/www.bcu-lausanne.ch\/#organization"},"image":{"@id":"https:\/\/www.bcu-lausanne.ch\/en\/en-ce-moment-en\/from-sign-to-sound-5-6-stephane-grappelli-violinist-of-the-soul\/#primaryimage"},"thumbnailUrl":"https:\/\/www.bcu-lausanne.ch\/wp-content\/uploads\/2022\/02\/sheet-music-scaled.jpg","articleSection":["En ce moment","S\u00e9lections"],"inLanguage":"en-US","potentialAction":[{"@type":"CommentAction","name":"Comment","target":["https:\/\/www.bcu-lausanne.ch\/en\/en-ce-moment-en\/from-sign-to-sound-5-6-stephane-grappelli-violinist-of-the-soul\/#respond"]}]},{"@type":"WebPage","@id":"https:\/\/www.bcu-lausanne.ch\/en\/en-ce-moment-en\/from-sign-to-sound-5-6-stephane-grappelli-violinist-of-the-soul\/","url":"https:\/\/www.bcu-lausanne.ch\/en\/en-ce-moment-en\/from-sign-to-sound-5-6-stephane-grappelli-violinist-of-the-soul\/","name":"From sign to sound (5\/6) : St\u00e9phane Grappelli, violinist of the soul - BCUL","isPartOf":{"@id":"https:\/\/www.bcu-lausanne.ch\/#website"},"primaryImageOfPage":{"@id":"https:\/\/www.bcu-lausanne.ch\/en\/en-ce-moment-en\/from-sign-to-sound-5-6-stephane-grappelli-violinist-of-the-soul\/#primaryimage"},"image":{"@id":"https:\/\/www.bcu-lausanne.ch\/en\/en-ce-moment-en\/from-sign-to-sound-5-6-stephane-grappelli-violinist-of-the-soul\/#primaryimage"},"thumbnailUrl":"https:\/\/www.bcu-lausanne.ch\/wp-content\/uploads\/2022\/02\/sheet-music-scaled.jpg","datePublished":"2025-06-19T09:13:58+00:00","dateModified":"2025-06-19T09:14:02+00:00","breadcrumb":{"@id":"https:\/\/www.bcu-lausanne.ch\/en\/en-ce-moment-en\/from-sign-to-sound-5-6-stephane-grappelli-violinist-of-the-soul\/#breadcrumb"},"inLanguage":"en-US","potentialAction":[{"@type":"ReadAction","target":["https:\/\/www.bcu-lausanne.ch\/en\/en-ce-moment-en\/from-sign-to-sound-5-6-stephane-grappelli-violinist-of-the-soul\/"]}]},{"@type":"ImageObject","inLanguage":"en-US","@id":"https:\/\/www.bcu-lausanne.ch\/en\/en-ce-moment-en\/from-sign-to-sound-5-6-stephane-grappelli-violinist-of-the-soul\/#primaryimage","url":"https:\/\/www.bcu-lausanne.ch\/wp-content\/uploads\/2022\/02\/sheet-music-scaled.jpg","contentUrl":"https:\/\/www.bcu-lausanne.ch\/wp-content\/uploads\/2022\/02\/sheet-music-scaled.jpg","width":2560,"height":1707,"caption":"Une paire de lutrins avec des partitions ouvertes \u00e9clair\u00e9s par une lumi\u00e8re bleue."},{"@type":"BreadcrumbList","@id":"https:\/\/www.bcu-lausanne.ch\/en\/en-ce-moment-en\/from-sign-to-sound-5-6-stephane-grappelli-violinist-of-the-soul\/#breadcrumb","itemListElement":[{"@type":"ListItem","position":1,"name":"Accueil","item":"https:\/\/www.bcu-lausanne.ch\/en\/"},{"@type":"ListItem","position":2,"name":"From sign to sound (5\/6) : St\u00e9phane Grappelli, violinist of the soul"}]},{"@type":"WebSite","@id":"https:\/\/www.bcu-lausanne.ch\/#website","url":"https:\/\/www.bcu-lausanne.ch\/","name":"BCUL","description":"Biblioth\u00e8que cantonale et universitaire - Lausanne","publisher":{"@id":"https:\/\/www.bcu-lausanne.ch\/#organization"},"potentialAction":[{"@type":"SearchAction","target":{"@type":"EntryPoint","urlTemplate":"https:\/\/www.bcu-lausanne.ch\/?s={search_term_string}"},"query-input":{"@type":"PropertyValueSpecification","valueRequired":true,"valueName":"search_term_string"}}],"inLanguage":"en-US"},{"@type":"Organization","@id":"https:\/\/www.bcu-lausanne.ch\/#organization","name":"BCU Lausanne","url":"https:\/\/www.bcu-lausanne.ch\/","logo":{"@type":"ImageObject","inLanguage":"en-US","@id":"https:\/\/www.bcu-lausanne.ch\/#\/schema\/logo\/image\/","url":"https:\/\/www.bcu-lausanne.ch\/wp-content\/uploads\/2020\/05\/bcul-logo-rvb.png","contentUrl":"https:\/\/www.bcu-lausanne.ch\/wp-content\/uploads\/2020\/05\/bcul-logo-rvb.png","width":1535,"height":1181,"caption":"BCU Lausanne"},"image":{"@id":"https:\/\/www.bcu-lausanne.ch\/#\/schema\/logo\/image\/"},"sameAs":["https:\/\/www.facebook.com\/BCULausanne","https:\/\/x.com\/BCULausanne","https:\/\/www.instagram.com\/bculausanne\/","https:\/\/www.linkedin.com\/company\/bcu-lausanne\/","https:\/\/www.youtube.com\/channel\/UCdk4ItiYuWBJBz6yZnOPaEw"]},{"@type":"Person","@id":"https:\/\/www.bcu-lausanne.ch\/#\/schema\/person\/a62d9979a2df560313c43ece43c11d21","name":"Federica Rusconi Castellani","image":{"@type":"ImageObject","inLanguage":"en-US","@id":"https:\/\/secure.gravatar.com\/avatar\/7b86242abd85efaee0247160dba7a6641f8285be0bf5cb9a89bcf4411f2a472c?s=96&d=mm&r=gcf78954b12da1407ae4c763176676e78","url":"https:\/\/secure.gravatar.com\/avatar\/7b86242abd85efaee0247160dba7a6641f8285be0bf5cb9a89bcf4411f2a472c?s=96&d=mm&r=g","contentUrl":"https:\/\/secure.gravatar.com\/avatar\/7b86242abd85efaee0247160dba7a6641f8285be0bf5cb9a89bcf4411f2a472c?s=96&d=mm&r=g","caption":"Federica Rusconi Castellani"}}]}},"_links":{"self":[{"href":"https:\/\/www.bcu-lausanne.ch\/en\/wp-json\/wp\/v2\/posts\/40235","targetHints":{"allow":["GET"]}}],"collection":[{"href":"https:\/\/www.bcu-lausanne.ch\/en\/wp-json\/wp\/v2\/posts"}],"about":[{"href":"https:\/\/www.bcu-lausanne.ch\/en\/wp-json\/wp\/v2\/types\/post"}],"author":[{"embeddable":true,"href":"https:\/\/www.bcu-lausanne.ch\/en\/wp-json\/wp\/v2\/users\/28"}],"replies":[{"embeddable":true,"href":"https:\/\/www.bcu-lausanne.ch\/en\/wp-json\/wp\/v2\/comments?post=40235"}],"version-history":[{"count":1,"href":"https:\/\/www.bcu-lausanne.ch\/en\/wp-json\/wp\/v2\/posts\/40235\/revisions"}],"predecessor-version":[{"id":40238,"href":"https:\/\/www.bcu-lausanne.ch\/en\/wp-json\/wp\/v2\/posts\/40235\/revisions\/40238"}],"wp:featuredmedia":[{"embeddable":true,"href":"https:\/\/www.bcu-lausanne.ch\/en\/wp-json\/wp\/v2\/media\/24877"}],"wp:attachment":[{"href":"https:\/\/www.bcu-lausanne.ch\/en\/wp-json\/wp\/v2\/media?parent=40235"}],"wp:term":[{"taxonomy":"category","embeddable":true,"href":"https:\/\/www.bcu-lausanne.ch\/en\/wp-json\/wp\/v2\/categories?post=40235"},{"taxonomy":"author","embeddable":true,"href":"https:\/\/www.bcu-lausanne.ch\/en\/wp-json\/wp\/v2\/coauthors?post=40235"}],"curies":[{"name":"wp","href":"https:\/\/api.w.org\/{rel}","templated":true}]}}